{"id":995,"date":"2023-04-26T10:56:04","date_gmt":"2023-04-26T10:56:04","guid":{"rendered":"https:\/\/balatonkeresztur.plebania.hu\/?p=995"},"modified":"2023-04-26T10:56:04","modified_gmt":"2023-04-26T10:56:04","slug":"karitasz-lelki-nap-2","status":"publish","type":"post","link":"https:\/\/balatonkeresztur.plebania.hu\/index.php\/2023\/04\/26\/karitasz-lelki-nap-2\/","title":{"rendered":"Karit\u00e1sz lelki nap"},"content":{"rendered":"\n<p>A Balatonkereszt\u00fari Karit\u00e1sz Csoport szervez\u00e9s\u00e9ben <strong><em>2023. m\u00e1jus 6<\/em><\/strong>-\u00e1n szombaton a\u00a0 templomban <strong><em>tavaszi lelki napot<\/em><\/strong> tartunk, amelyen a k\u00f6vetkez\u0151 lelki programok lesznek:<\/p>\n\n\n\n<!--more-->\n\n\n\n<p><strong><em>13.45 K\u00f6sz\u00f6nt\u0151, Lorett\u00f3i lit\u00e1nia, r\u00f3zsaf\u0171z\u00e9r, szents\u00e9gim\u00e1d\u00e1s<\/em><\/strong><\/p>\n\n\n\n<p><strong><em>ezt k\u00f6vet\u0151en sz\u00fcnet, alatta gy\u00f3ntat\u00e1s<\/em><\/strong><\/p>\n\n\n\n<p><strong><em>15.00 Szentmise lelki napos elm\u00e9lked\u00e9ssel a Sz\u0171z anya h\u00f3napja alkalm\u00e1b\u00f3l<\/em><\/strong><\/p>\n\n\n\n<p><strong><em>ezt k\u00f6vet\u0151en agap\u00e9 a Szent Istv\u00e1n h\u00e1zban<\/em><\/strong><\/p>\n\n\n\n<p>Mindenkit szeretettel h\u00edvunk \u00e9s v\u00e1runk!<\/p>\n\n\n\n<figure class=\"wp-block-image size-full\"><img loading=\"lazy\" decoding=\"async\" width=\"111\" height=\"166\" src=\"https:\/\/balatonkeresztur.plebania.hu\/wp-content\/uploads\/2023\/04\/kep-2.png\" alt=\"\" class=\"wp-image-998\"\/><\/figure>\n\n\n\n<p>Balatonkereszt\u00fari Karit\u00e1sz Csoport<\/p>\n\n\n\n<figure class=\"wp-block-image size-full\"><img loading=\"lazy\" decoding=\"async\" width=\"103\" height=\"160\" src=\"https:\/\/balatonkeresztur.plebania.hu\/wp-content\/uploads\/2023\/04\/kep-1.png\" alt=\"\" class=\"wp-image-997\"\/><\/figure>\n","protected":false},"excerpt":{"rendered":"<p>A Balatonkereszt\u00fari Karit\u00e1sz Csoport szervez\u00e9s\u00e9ben 2023. m\u00e1jus 6-\u00e1n szombaton a\u00a0 templomban tavaszi lelki napot tartunk, amelyen a k\u00f6vetkez\u0151 lelki programok lesznek:<\/p>\n","protected":false},"author":1,"featured_media":0,"comment_status":"closed","ping_status":"open","sticky":false,"template":"","format":"standard","meta":{"footnotes":""},"categories":[1],"tags":[],"class_list":["post-995","post","type-post","status-publish","format-standard","hentry","category-egyeb"],"_links":{"self":[{"href":"https:\/\/balatonkeresztur.plebania.hu\/index.php\/wp-json\/wp\/v2\/posts\/995","targetHints":{"allow":["GET"]}}],"collection":[{"href":"https:\/\/balatonkeresztur.plebania.hu\/index.php\/wp-json\/wp\/v2\/posts"}],"about":[{"href":"https:\/\/balatonkeresztur.plebania.hu\/index.php\/wp-json\/wp\/v2\/types\/post"}],"author":[{"embeddable":true,"href":"https:\/\/balatonkeresztur.plebania.hu\/index.php\/wp-json\/wp\/v2\/users\/1"}],"replies":[{"embeddable":true,"href":"https:\/\/balatonkeresztur.plebania.hu\/index.php\/wp-json\/wp\/v2\/comments?post=995"}],"version-history":[{"count":1,"href":"https:\/\/balatonkeresztur.plebania.hu\/index.php\/wp-json\/wp\/v2\/posts\/995\/revisions"}],"predecessor-version":[{"id":999,"href":"https:\/\/balatonkeresztur.plebania.hu\/index.php\/wp-json\/wp\/v2\/posts\/995\/revisions\/999"}],"wp:attachment":[{"href":"https:\/\/balatonkeresztur.plebania.hu\/index.php\/wp-json\/wp\/v2\/media?parent=995"}],"wp:term":[{"taxonomy":"category","embeddable":true,"href":"https:\/\/balatonkeresztur.plebania.hu\/index.php\/wp-json\/wp\/v2\/categories?post=995"},{"taxonomy":"post_tag","embeddable":true,"href":"https:\/\/balatonkeresztur.plebania.hu\/index.php\/wp-json\/wp\/v2\/tags?post=995"}],"curies":[{"name":"wp","href":"https:\/\/api.w.org\/{rel}","templated":true}]}}