{"id":985,"date":"2023-04-16T05:01:36","date_gmt":"2023-04-16T05:01:36","guid":{"rendered":"https:\/\/balatonkeresztur.plebania.hu\/?p=985"},"modified":"2023-04-16T05:06:16","modified_gmt":"2023-04-16T05:06:16","slug":"irgalmassag-vasarnapja-2","status":"publish","type":"post","link":"https:\/\/balatonkeresztur.plebania.hu\/index.php\/2023\/04\/16\/irgalmassag-vasarnapja-2\/","title":{"rendered":"Irgalmass\u00e1g vas\u00e1rnapja"},"content":{"rendered":"\n<p>Jn 20, 22-23 Vegy\u00e9tek a Szentlelket! Akiknek megbocs\u00e1tj\u00e1tok b\u0171neiket, bocs\u00e1natot nyernek; akiknek pedig megtartj\u00e1tok, azok b\u0171nei megmaradnak.<\/p>\n\n\n\n<!--more-->\n\n\n\n<p>Egy 30-as \u00e9veiben j\u00e1r\u00f3 f\u00e9rfi m\u00f6g\u00f6tt bez\u00e1rultak a b\u00f6rt\u00f6n kapui \u00e9s v\u00e9gre \u00fajra szabad lett. Minden v\u00e1gya az volt, hogy hazat\u00e9rhessen, de tudta, hogy a fiatalkori b\u0171nei miatt sokat szenvedtek a szerettei, akiket nagyon megb\u00e1ntott. Szabadul\u00e1sa el\u0151tt levelet \u00edrt nekik, amiben \u00fajra bocs\u00e1natot k\u00e9rt, \u0151szint\u00e9n megb\u00e1nva a tetteit. Meg\u00edrta, hogy egy h\u00e9t m\u00falva szabadul \u00e9s nagyon szeretn\u00e9 \u00fajra l\u00e1tni \u0151ket. Azt k\u00e9rte t\u0151l\u00fck, hogy ha megbocs\u00e1tanak neki, k\u00f6ssenek a h\u00e1zuk el\u0151tti di\u00f3f\u00e1ra egy feh\u00e9r szalagot, \u00e9s ez lesz a jel, hogy hazav\u00e1rj\u00e1k. Amikor felsz\u00e1llt a buszra egy fiatal l\u00e1ny mellett tal\u00e1lt helyet mag\u00e1nak, akivel besz\u00e9lgetni kezdtek arr\u00f3l, hogy ki hova utazik. A fi\u00fa elmes\u00e9lte a l\u00e1nynak a saj\u00e1t t\u00f6rt\u00e9net\u00e9t \u00e9s azt, hogy nagyon f\u00e9l att\u00f3l, hogy nem lesz a f\u00e1n feh\u00e9r szalag. Amikor be\u00e9rtek a faluba, a fi\u00fa annyira izgatott lett, nem is mert odan\u00e9zni, a l\u00e1ny pedig f\u00fcrk\u00e9sz\u0151 tekintettel kereste a f\u00e1t. Egyszercsak felki\u00e1ltott: N\u00e9zd csak, nem az a ti h\u00e1zatok, ami el\u0151tt egy nagy fa van telis-tele feh\u00e9r szalagokkal? A f\u00e9rfi azt suttogta: <em>De igen.<\/em><\/p>\n\n\n\n<figure class=\"wp-block-image size-full is-resized\"><img loading=\"lazy\" decoding=\"async\" src=\"https:\/\/balatonkeresztur.plebania.hu\/wp-content\/uploads\/2023\/04\/szalag.jpg\" alt=\"\" class=\"wp-image-988\" width=\"536\" height=\"357\" srcset=\"https:\/\/balatonkeresztur.plebania.hu\/wp-content\/uploads\/2023\/04\/szalag.jpg 564w, https:\/\/balatonkeresztur.plebania.hu\/wp-content\/uploads\/2023\/04\/szalag-450x300.jpg 450w\" sizes=\"auto, (max-width: 536px) 100vw, 536px\" \/><\/figure>\n","protected":false},"excerpt":{"rendered":"<p>Jn 20, 22-23 Vegy\u00e9tek a Szentlelket! Akiknek megbocs\u00e1tj\u00e1tok b\u0171neiket, bocs\u00e1natot nyernek; akiknek pedig megtartj\u00e1tok, azok b\u0171nei megmaradnak.<\/p>\n","protected":false},"author":1,"featured_media":0,"comment_status":"closed","ping_status":"open","sticky":false,"template":"","format":"standard","meta":{"footnotes":""},"categories":[1],"tags":[],"class_list":["post-985","post","type-post","status-publish","format-standard","hentry","category-egyeb"],"_links":{"self":[{"href":"https:\/\/balatonkeresztur.plebania.hu\/index.php\/wp-json\/wp\/v2\/posts\/985","targetHints":{"allow":["GET"]}}],"collection":[{"href":"https:\/\/balatonkeresztur.plebania.hu\/index.php\/wp-json\/wp\/v2\/posts"}],"about":[{"href":"https:\/\/balatonkeresztur.plebania.hu\/index.php\/wp-json\/wp\/v2\/types\/post"}],"author":[{"embeddable":true,"href":"https:\/\/balatonkeresztur.plebania.hu\/index.php\/wp-json\/wp\/v2\/users\/1"}],"replies":[{"embeddable":true,"href":"https:\/\/balatonkeresztur.plebania.hu\/index.php\/wp-json\/wp\/v2\/comments?post=985"}],"version-history":[{"count":2,"href":"https:\/\/balatonkeresztur.plebania.hu\/index.php\/wp-json\/wp\/v2\/posts\/985\/revisions"}],"predecessor-version":[{"id":989,"href":"https:\/\/balatonkeresztur.plebania.hu\/index.php\/wp-json\/wp\/v2\/posts\/985\/revisions\/989"}],"wp:attachment":[{"href":"https:\/\/balatonkeresztur.plebania.hu\/index.php\/wp-json\/wp\/v2\/media?parent=985"}],"wp:term":[{"taxonomy":"category","embeddable":true,"href":"https:\/\/balatonkeresztur.plebania.hu\/index.php\/wp-json\/wp\/v2\/categories?post=985"},{"taxonomy":"post_tag","embeddable":true,"href":"https:\/\/balatonkeresztur.plebania.hu\/index.php\/wp-json\/wp\/v2\/tags?post=985"}],"curies":[{"name":"wp","href":"https:\/\/api.w.org\/{rel}","templated":true}]}}