{"id":969,"date":"2023-04-02T03:42:10","date_gmt":"2023-04-02T03:42:10","guid":{"rendered":"https:\/\/balatonkeresztur.plebania.hu\/?p=969"},"modified":"2023-04-02T15:04:53","modified_gmt":"2023-04-02T15:04:53","slug":"viragvasarnapra","status":"publish","type":"post","link":"https:\/\/balatonkeresztur.plebania.hu\/index.php\/2023\/04\/02\/viragvasarnapra\/","title":{"rendered":"Vir\u00e1gvas\u00e1rnapra"},"content":{"rendered":"\n<p>Pilinszky J\u00e1nos: Vir\u00e1gvas\u00e1rnap<\/p>\n\n\n\n<p>J\u00e9zus jeruzs\u00e1lemi bevonul\u00e1s\u00e1r\u00f3l J\u00e1nos evang\u00e9list\u00e1n\u00e1l olvashatjuk a legjelent\u0151sebb besz\u00e1mol\u00f3t. Szerepl\u0151i: a lelkes tan\u00edtv\u00e1nyok serege, az \u00fat por\u00e1ba hull\u00f3 p\u00e1lma\u00e1gak, s az isteni teher alatt szel\u00edden l\u00e9pked\u0151 \u201eszamaracska\u201d. S m\u00e9g valami: a k\u00f6vek. J\u00e9zus m\u00e9g \u0151ket is bevonja az ujjong\u00e1sba: ha nem a n\u00e9p, h\u00e1t \u0151k, a \u201ek\u00f6vek ki\u00e1ltan\u00e1nak!\u201d.<\/p>\n\n\n\n<!--more-->\n\n\n\n<p>Ki \u00fcnnepel itt? Mintha a teremtett vil\u00e1g egy-egy k\u00e9pvisel\u0151je, a k\u0151, a p\u00e1lma s a szamaracska az eg\u00e9sz nagy egyetemet k\u00e9pviseln\u00e9 a bevonul\u00e1sban. S itt \u00e9rdemes megeml\u00edten\u00fcnk, hogy n\u00f6v\u00e9nyek \u00e9s \u00e1llatok milyen szokatlan hangs\u00fallyal szerepelnek mindig az Evang\u00e9liumban, f\u0151k\u00e9pp a p\u00e9ldabesz\u00e9dekben. De nem a hasonlat, \u00e9s nem is holmi megszem\u00e9lyes\u00edt\u00e9s emeli k\u00fcl\u00f6nleges megvil\u00e1g\u00edt\u00e1sba \u0151ket, hanem nyilv\u00e1n a Teremt\u0151 \u00e9s teremtm\u00e9ny k\u00f6z\u00f6tti viszony csod\u00e1latos komolys\u00e1ga.<\/p>\n\n\n\n<p>Amikor J\u00e9zus \u201edics\u0151s\u00e9gesen\u201d bevonul Jeruzs\u00e1lembe, erre a fut\u00f3 \u00fcnnepl\u00e9sre futotta a vil\u00e1g erej\u00e9b\u0151l. Azut\u00e1n m\u00e9g az eml\u00e9k\u00e9t is elsodorja a pillanat, \u00e9s belepi az \u00fat pora.<\/p>\n\n\n\n<p>Az igazi, a tulajdonk\u00e9ppeni \u201emegdics\u0151\u00fcl\u00e9s\u201d m\u00e9g h\u00e1travan. Err\u0151l az Evang\u00e9liumnak tal\u00e1n legcsod\u00e1latosabban paradox mondatai k\u00f6vetkeznek, k\u00f6zvetlen\u00fcl a jeruzs\u00e1lemi bevonul\u00e1s ut\u00e1n.<\/p>\n\n\n\n<p>\u201eElj\u00f6tt az \u00f3ra, hogy az Emberfia megdics\u0151\u00edttess\u00e9k. Bizony, bizony mondom nektek, ha csak a gabonaszem a f\u00f6ldbe nem esik \u00e9s meg nem hal, maga marad\u2026\u201d \u201eMost az \u00e9n lelkem megrend\u00fclt. \u00c9s mit mondjak? Aty\u00e1m, szabad\u00edts meg engem ezen \u00f3r\u00e1t\u00f3l! De hisz az\u00e9rt j\u00f6ttem ez \u00f3r\u00e1ra, Aty\u00e1m, dics\u0151\u00edtsd meg nevedet!\u201d<\/p>\n\n\n\n<p>\u00c9s m\u00e9gis\u2026 B\u00e1rmennyire kit\u00e9r\u0151, csal\u00f3ka f\u00e9ny volt is J\u00e9zus sz\u00e1m\u00e1ra a jeruzs\u00e1lemi bevonul\u00e1s, a mi \u00fcnnepl\u00e9s\u00fcnk, m\u00e9gis \u00e9rezni a gondoss\u00e1got, mellyel fogadta, s\u0151t mintegy el\u00e9be ment a szeg\u00e9nyes fogadtat\u00e1snak. \u00d6r\u00f6k id\u0151re sz\u00f3l\u00f3 okul\u00e1sul szolg\u00e1lhat sz\u00e1munkra: saj\u00e1t er\u0151nkb\u0151l csak ilyen szalmal\u00e1ng-lelkesed\u00e9sre futhatja. S ha j\u00f3l szem\u00fcgyre vessz\u00fck a t\u00f6rt\u00e9netet, l\u00e1thatjuk, hogy gyeng\u00e9d gondoskod\u00e1ssal m\u00e9g ezt is J\u00e9zus maga k\u00e9sz\u00edtette el\u0151 \u2013 mi\u00e9rett\u00fcnk, ahogy mondotta.<\/p>\n\n\n\n<p>A m\u00e1sik tanuls\u00e1g az isteni szer\u00e9nys\u00e9g. J\u00e9zus p\u00e9ldamutat\u00e1sa, hogy milyen szel\u00edd al\u00e1zattal kell fogadnunk az emberek \u00fcnnepl\u00e9s\u00e9t. Igaz, nem t\u00e9r ki el\u0151le, mint ahogy semmi emberi el\u0151l nem t\u00e9r ki \u2013 hogy ann\u00e1l teljesebb tan\u00edt\u00e1st hagyjon \u00f6r\u00f6k\u00fcl sz\u00e1munkra.<\/p>\n\n\n\n<p>A jeruzs\u00e1lemi bevonul\u00e1s t\u00f6rt\u00e9nete h\u00e1nyszor j\u00e1tsz\u00f3dik le az\u00f3ta is benn\u00fcnk, egy-egy r\u00f6vid felbuzdul\u00e1s k\u00e9p\u00e9ben? Hogy tal\u00e1lkoz\u00e1sunk vele hogy v\u00e1lhat tart\u00f3ss\u00e1? Erre felel a k\u00f6vetkez\u0151 szakasz. V\u00e1llalnunk kell \u00f6nmagunk \u201eelveszt\u00e9s\u00e9t\u201d, ahogy \u0151 v\u00e1llalta a f\u00f6ldbe hullott gabonaszem sors\u00e1t. Akkor val\u00f3ban egyek lesz\u00fcnk majd vele, s nem a fut\u00f3, hanem az \u00f6r\u00f6k dics\u0151s\u00e9gben, a jeruzs\u00e1lemi bevonul\u00e1s ut\u00e1n az \u00f6r\u00f6k Jeruzs\u00e1lembe val\u00f3 bevonul\u00e1s \u00f6r\u00f6m\u00e9ben.<\/p>\n\n\n\n<figure class=\"wp-block-image size-full is-resized\"><a href=\"http:\/\/balatonkeresztur.plebania.hu\/wp-content\/uploads\/2023\/04\/viragvasarnap.jpg\" target=\"_blank\" rel=\"noreferrer noopener\"><img loading=\"lazy\" decoding=\"async\" src=\"https:\/\/balatonkeresztur.plebania.hu\/wp-content\/uploads\/2023\/04\/viragvasarnap.jpg\" alt=\"\" class=\"wp-image-971\" width=\"502\" height=\"281\" srcset=\"https:\/\/balatonkeresztur.plebania.hu\/wp-content\/uploads\/2023\/04\/viragvasarnap.jpg 1280w, https:\/\/balatonkeresztur.plebania.hu\/wp-content\/uploads\/2023\/04\/viragvasarnap-768x432.jpg 768w\" sizes=\"auto, (max-width: 502px) 100vw, 502px\" \/><\/a><\/figure>\n","protected":false},"excerpt":{"rendered":"<p>Pilinszky J\u00e1nos: Vir\u00e1gvas\u00e1rnap J\u00e9zus jeruzs\u00e1lemi bevonul\u00e1s\u00e1r\u00f3l J\u00e1nos evang\u00e9list\u00e1n\u00e1l olvashatjuk a legjelent\u0151sebb besz\u00e1mol\u00f3t. Szerepl\u0151i: a lelkes tan\u00edtv\u00e1nyok serege, az \u00fat por\u00e1ba hull\u00f3 p\u00e1lma\u00e1gak, s az isteni teher alatt szel\u00edden l\u00e9pked\u0151 \u201eszamaracska\u201d. S m\u00e9g valami: a k\u00f6vek. J\u00e9zus m\u00e9g \u0151ket is bevonja &hellip; <a href=\"https:\/\/balatonkeresztur.plebania.hu\/index.php\/2023\/04\/02\/viragvasarnapra\/\">Egy kattint\u00e1s ide a folytat\u00e1shoz&#8230;. <span class=\"meta-nav\">&rarr;<\/span><\/a><\/p>\n","protected":false},"author":1,"featured_media":0,"comment_status":"closed","ping_status":"closed","sticky":false,"template":"","format":"standard","meta":{"footnotes":""},"categories":[1],"tags":[],"class_list":["post-969","post","type-post","status-publish","format-standard","hentry","category-egyeb"],"_links":{"self":[{"href":"https:\/\/balatonkeresztur.plebania.hu\/index.php\/wp-json\/wp\/v2\/posts\/969","targetHints":{"allow":["GET"]}}],"collection":[{"href":"https:\/\/balatonkeresztur.plebania.hu\/index.php\/wp-json\/wp\/v2\/posts"}],"about":[{"href":"https:\/\/balatonkeresztur.plebania.hu\/index.php\/wp-json\/wp\/v2\/types\/post"}],"author":[{"embeddable":true,"href":"https:\/\/balatonkeresztur.plebania.hu\/index.php\/wp-json\/wp\/v2\/users\/1"}],"replies":[{"embeddable":true,"href":"https:\/\/balatonkeresztur.plebania.hu\/index.php\/wp-json\/wp\/v2\/comments?post=969"}],"version-history":[{"count":3,"href":"https:\/\/balatonkeresztur.plebania.hu\/index.php\/wp-json\/wp\/v2\/posts\/969\/revisions"}],"predecessor-version":[{"id":973,"href":"https:\/\/balatonkeresztur.plebania.hu\/index.php\/wp-json\/wp\/v2\/posts\/969\/revisions\/973"}],"wp:attachment":[{"href":"https:\/\/balatonkeresztur.plebania.hu\/index.php\/wp-json\/wp\/v2\/media?parent=969"}],"wp:term":[{"taxonomy":"category","embeddable":true,"href":"https:\/\/balatonkeresztur.plebania.hu\/index.php\/wp-json\/wp\/v2\/categories?post=969"},{"taxonomy":"post_tag","embeddable":true,"href":"https:\/\/balatonkeresztur.plebania.hu\/index.php\/wp-json\/wp\/v2\/tags?post=969"}],"curies":[{"name":"wp","href":"https:\/\/api.w.org\/{rel}","templated":true}]}}