{"id":960,"date":"2023-03-26T05:19:18","date_gmt":"2023-03-26T05:19:18","guid":{"rendered":"https:\/\/balatonkeresztur.plebania.hu\/?p=960"},"modified":"2023-03-26T05:23:55","modified_gmt":"2023-03-26T05:23:55","slug":"nagybojt-5-vasarnapjara","status":"publish","type":"post","link":"https:\/\/balatonkeresztur.plebania.hu\/index.php\/2023\/03\/26\/nagybojt-5-vasarnapjara\/","title":{"rendered":"Nagyb\u00f6jt 5. vas\u00e1rnapj\u00e1ra"},"content":{"rendered":"\n<p><strong>\u00c1prily Lajos: Lass\u00fa sz\u00e1rnyon<\/strong><\/p>\n\n\n\n<!--more-->\n\n\n\n<p>Uram, a k\u00e9t sz\u00e1rnyam neh\u00e9z,<br>hozz\u00e1d emelkedni ma nem mer.<br>Ne bilincselj meg \u00e9s ne b\u00e1nts<br>nagy s\u00falyoddal, a f\u00e9lelemmel.<br><br>Te nagy v\u00f6lgyedben ne legyek<br>\u00e9nekre b\u00e9na, hitre gy\u00e1va.<br>\u00dagy kapaszkodjam, K\u00e9z, bel\u00e9d,<br>mint kicsi koromban any\u00e1mba.<\/p>\n\n\n\n<p>H\u00edvott er\u0151seid dalos lakom\u00e1j\u00e1n<br>mindig ne k\u00e9ssem.<br>Kapudt\u00f3l ne t\u00e9r\u00edtsen el<br>utat vesz\u00edt\u0151 sz\u00e9d\u00fcl\u00e9sem.<\/p>\n\n\n\n<p>Viharszeles m\u00e9lyed felett<br>meredekedet b\u00edzva j\u00e1rjam,<br>sziklafalon hajnalmad\u00e1r,<br>\u00f6r\u00f6mpiros legyen a sz\u00e1rnyam.<\/p>\n\n\n\n<p>\u00c9s hogyha m\u00e9gis hullan\u00e9k<br>sugaradban vagy s\u0171r\u0171 h\u00f3ban,<br>sohasem l\u00e1tott arcodat<br>l\u00e1thassam egyszer, zuhan\u00f3ban.<\/p>\n\n\n\n<p><\/p>\n","protected":false},"excerpt":{"rendered":"<p>\u00c1prily Lajos: Lass\u00fa sz\u00e1rnyon<\/p>\n","protected":false},"author":1,"featured_media":0,"comment_status":"closed","ping_status":"open","sticky":false,"template":"","format":"standard","meta":{"footnotes":""},"categories":[1],"tags":[],"class_list":["post-960","post","type-post","status-publish","format-standard","hentry","category-egyeb"],"_links":{"self":[{"href":"https:\/\/balatonkeresztur.plebania.hu\/index.php\/wp-json\/wp\/v2\/posts\/960","targetHints":{"allow":["GET"]}}],"collection":[{"href":"https:\/\/balatonkeresztur.plebania.hu\/index.php\/wp-json\/wp\/v2\/posts"}],"about":[{"href":"https:\/\/balatonkeresztur.plebania.hu\/index.php\/wp-json\/wp\/v2\/types\/post"}],"author":[{"embeddable":true,"href":"https:\/\/balatonkeresztur.plebania.hu\/index.php\/wp-json\/wp\/v2\/users\/1"}],"replies":[{"embeddable":true,"href":"https:\/\/balatonkeresztur.plebania.hu\/index.php\/wp-json\/wp\/v2\/comments?post=960"}],"version-history":[{"count":3,"href":"https:\/\/balatonkeresztur.plebania.hu\/index.php\/wp-json\/wp\/v2\/posts\/960\/revisions"}],"predecessor-version":[{"id":963,"href":"https:\/\/balatonkeresztur.plebania.hu\/index.php\/wp-json\/wp\/v2\/posts\/960\/revisions\/963"}],"wp:attachment":[{"href":"https:\/\/balatonkeresztur.plebania.hu\/index.php\/wp-json\/wp\/v2\/media?parent=960"}],"wp:term":[{"taxonomy":"category","embeddable":true,"href":"https:\/\/balatonkeresztur.plebania.hu\/index.php\/wp-json\/wp\/v2\/categories?post=960"},{"taxonomy":"post_tag","embeddable":true,"href":"https:\/\/balatonkeresztur.plebania.hu\/index.php\/wp-json\/wp\/v2\/tags?post=960"}],"curies":[{"name":"wp","href":"https:\/\/api.w.org\/{rel}","templated":true}]}}