{"id":957,"date":"2023-03-25T06:01:22","date_gmt":"2023-03-25T06:01:22","guid":{"rendered":"https:\/\/balatonkeresztur.plebania.hu\/?p=957"},"modified":"2023-03-25T06:01:57","modified_gmt":"2023-03-25T06:01:57","slug":"gyumolcsolto-boldogasszony-unnepere","status":"publish","type":"post","link":"https:\/\/balatonkeresztur.plebania.hu\/index.php\/2023\/03\/25\/gyumolcsolto-boldogasszony-unnepere\/","title":{"rendered":"Gy\u00fcm\u00f6lcsolt\u00f3 Boldogasszony \u00fcnnep\u00e9re"},"content":{"rendered":"\n<p><strong>Csan\u00e1di Albert: Gy\u00fcm\u00f6lcsolt\u00f3 Boldogasszony \u00fcnnep\u00e9re<\/strong><\/p>\n\n\n\n<!--more-->\n\n\n\n<p>Zengjed, nyelv, a sz\u0171zi m\u00e9hnek<br>angyali dics\u00e9ret\u00e9t,<br>melybe sz\u00e1llva \u00e9g Kir\u00e1lya<br>form\u00e1t \u00f6lt\u00f6tt, ember\u00e9t,<br>\u00e9s megsz\u00fclte f\u00e9rfi n\u00e9lk\u00fcl<br>Sz\u0171zany\u00e1nk a gyermek\u00e9t.<br>&nbsp;<\/p>\n\n\n\n<p>Mennyorsz\u00e1gnak k\u00fcld\u00f6ttek\u00e9nt<br>G\u00e1bor angyal lej\u00f6ve:<br>sz\u0171zh\u00f6z, kinek nemzets\u00e9ge<br>D\u00e1vid kir\u00e1ly nemzete,<br>neveztetik M\u00e1ri\u00e1nak,<br>s J\u00f3zsefnek a jegyese.<br>&nbsp;<\/p>\n\n\n\n<p>\u00dcdv\u00f6zl\u00e9gy, sz\u00f3lt, \u00e9rintetlen<br>s kegyelemmel teljes l\u00e1ny,<br>\u00e1ldott vagy te mindny\u00e1juk k\u00f6zt,<br>asszony csak van valah\u00e1ny:<br>mert sz\u00e9ps\u00e9ged megk\u00edv\u00e1nta<br>atyai b\u00f6lcs tudom\u00e1ny.<br>&nbsp;<\/p>\n\n\n\n<p>\u0150 hallgatva m\u00edg t\u00f6prengett,<br>mit jelentsen e sz\u00f3zat,<br>\u00fajra sz\u00f3l az \u00e9gi k\u00fcld\u00f6tt<br>ism\u00e9telve e sz\u00f3kat:<br>ne f\u00e9lj, ne f\u00e9lj, \u00f3, M\u00e1ria,<br>Istent sz\u00fclni m\u00e9lt\u00f3 vagy.<br>&nbsp;<\/p>\n\n\n\n<p>Mert az \u00darn\u00e1l egyed\u00fcl csak<br>te tal\u00e1lt\u00e1l kegyelmet,<br>megfogansz \u00e9s megsz\u00fcl\u00f6d majd<br>megv\u00e1lt\u00f3j\u00e1t embernek,<br>J\u00e9zus lesz a neve n\u00e9ki,<br>ki \u00fcdv\u0151zit n\u00e9peket.<br>&nbsp;<\/p>\n\n\n\n<p>Nagy lesz \u0151, s a Magass\u00e1gos<br>gyermek\u00e9nek h\u00edvatik:<br>Istent\u0151l majd D\u00e1vid aty\u00e1nk<br>tr\u00f3nja n\u00e9ki adatik,<br>s J\u00e1kob n\u00e9p\u00e9n, nemzets\u00e9g\u00e9n<br>\u00f6r\u00f6kk\u00e9 uralkodik.<br>&nbsp;<\/p>\n\n\n\n<p>S mik\u00e9nt lesz az, k\u00e9rdi a Sz\u0171z,<br>mert f\u00e9rfit nem ismerek,<br>az angyalt\u00f3l v\u00edg j\u00f3slattal<br>hangzik r\u00e1 a felelet:<br>Istent sz\u00fclsz majd, de megtartod<br>a sz\u00fczess\u00e9gjeleket.<br>&nbsp;<\/p>\n\n\n\n<p>Mert a mennyek orsz\u00e1g\u00e1b\u00f3l<br>a Szentl\u00e9lek sz\u00e1ll re\u00e1d,<br>akit\u0151l a sz\u0171zi m\u00e9hed<br>megfoganja a fi\u00e1t,<br>atyj\u00e1nak ki mondhatja majd<br>magass\u00e1gnak az Ur\u00e1t.<br>&nbsp;<\/p>\n\n\n\n<p>S hogy ne k\u00e9tkedj, \u00edm, rokonod,<br>a medd\u0151 s \u00e9lemedett<br>Erzs\u00e9bet is hat h\u00f3napja<br>hord m\u00e9h\u00e9ben gyermeket,<br>mert az \u00dar amit kimondott,<br>lehetetlen nem lehet.<\/p>\n\n\n\n<p>Legyen nekem ig\u00e9d szerint,<br>mondja Sz\u0171z az angyalnak,<br>engedelmes l\u00e1nya vagyok<br>a fels\u00e9ges parancsnak,<br>s m\u00e9he sz\u0171zen helyet adott<br>az isteni magzatnak.<\/p>\n","protected":false},"excerpt":{"rendered":"<p>Csan\u00e1di Albert: Gy\u00fcm\u00f6lcsolt\u00f3 Boldogasszony \u00fcnnep\u00e9re<\/p>\n","protected":false},"author":1,"featured_media":0,"comment_status":"closed","ping_status":"open","sticky":false,"template":"","format":"standard","meta":{"footnotes":""},"categories":[1],"tags":[],"class_list":["post-957","post","type-post","status-publish","format-standard","hentry","category-egyeb"],"_links":{"self":[{"href":"https:\/\/balatonkeresztur.plebania.hu\/index.php\/wp-json\/wp\/v2\/posts\/957","targetHints":{"allow":["GET"]}}],"collection":[{"href":"https:\/\/balatonkeresztur.plebania.hu\/index.php\/wp-json\/wp\/v2\/posts"}],"about":[{"href":"https:\/\/balatonkeresztur.plebania.hu\/index.php\/wp-json\/wp\/v2\/types\/post"}],"author":[{"embeddable":true,"href":"https:\/\/balatonkeresztur.plebania.hu\/index.php\/wp-json\/wp\/v2\/users\/1"}],"replies":[{"embeddable":true,"href":"https:\/\/balatonkeresztur.plebania.hu\/index.php\/wp-json\/wp\/v2\/comments?post=957"}],"version-history":[{"count":2,"href":"https:\/\/balatonkeresztur.plebania.hu\/index.php\/wp-json\/wp\/v2\/posts\/957\/revisions"}],"predecessor-version":[{"id":959,"href":"https:\/\/balatonkeresztur.plebania.hu\/index.php\/wp-json\/wp\/v2\/posts\/957\/revisions\/959"}],"wp:attachment":[{"href":"https:\/\/balatonkeresztur.plebania.hu\/index.php\/wp-json\/wp\/v2\/media?parent=957"}],"wp:term":[{"taxonomy":"category","embeddable":true,"href":"https:\/\/balatonkeresztur.plebania.hu\/index.php\/wp-json\/wp\/v2\/categories?post=957"},{"taxonomy":"post_tag","embeddable":true,"href":"https:\/\/balatonkeresztur.plebania.hu\/index.php\/wp-json\/wp\/v2\/tags?post=957"}],"curies":[{"name":"wp","href":"https:\/\/api.w.org\/{rel}","templated":true}]}}