{"id":951,"date":"2023-03-19T03:25:21","date_gmt":"2023-03-19T03:25:21","guid":{"rendered":"https:\/\/balatonkeresztur.plebania.hu\/?p=951"},"modified":"2023-03-19T12:20:59","modified_gmt":"2023-03-19T12:20:59","slug":"szent-jozsef-unnepere","status":"publish","type":"post","link":"https:\/\/balatonkeresztur.plebania.hu\/index.php\/2023\/03\/19\/szent-jozsef-unnepere\/","title":{"rendered":"Szent J\u00f3zsef \u00fcnnep\u00e9re"},"content":{"rendered":"\n<p>Szent J\u00f3zsef napj\u00e1n szentmise keret\u00e9ben \u00fcnnepli a Katolikus Egyh\u00e1z az Ap\u00e1k Napj\u00e1t, amellyel az apai hivat\u00e1st \u00e9s felel\u0151ss\u00e9gtudatot szeretn\u00e9 er\u0151s\u00edteni a f\u00e9rfiakban.<\/p>\n\n\n\n<!--more-->\n\n\n\n<p>Szent J\u00f3zsefnek Isten akarat\u00e1b\u00f3l a f\u00f6ldi csal\u00e1dt\u00f3l a szent csal\u00e1d eszm\u00e9ny\u00e9ig kellett eljutnia, hogy az emberr\u00e9 lett M\u00e1sodik Isteni Szem\u00e9lynek Gondvisel\u0151je legyen. Nek\u00fcnk is teljes odaad\u00e1ssal kell figyel\u00fcnk Isten hozz\u00e1nk int\u00e9zett szav\u00e1ra. R\u00e1 kell \u00e9bredn\u00fcnk, hogy Isten mit v\u00e1r t\u0151l\u00fcnk: \u00f6nmagunkon is t\u00falhalad\u00f3 szeretetet, h\u0171s\u00e9get, igazs\u00e1got, amely megtart a kereszt\u00e9ny \u00e9rt\u00e9kek mellett. Isten mindig \u00faj \u00e9letet akar adni nek\u00fcnk, fontos, hogy ezt az \u00fajat k\u00e9szek legy\u00fcnk befogadni \u00e9s aszerint \u00e9lni. Ha a szentek \u00e9let\u00e9nek p\u00e9ld\u00e1j\u00e1t n\u00e9zz\u00fck, \u00e9szrevehetj\u00fck, hogyan ad a Mennyei Atya \u00faj \u00e9rtelmet \u00e9let\u00fcnknek, vezet minket \u00faj c\u00e9lok fel\u00e9.<\/p>\n\n\n\n<p>A vas\u00e1rnapi szentmis\u00e9ben mi is megeml\u00e9kezt\u00fcnk az \u00e9desap\u00e1kr\u00f3l. Egy verses \u00f6ssze\u00e1ll\u00edt\u00e1s ut\u00e1n a jelen l\u00e9v\u0151 \u00e9desap\u00e1k k\u00fcl\u00f6n \u00e1ld\u00e1sban r\u00e9szes\u00fcltek.<\/p>\n\n\n\n<figure class=\"wp-block-image size-full is-resized\"><img loading=\"lazy\" decoding=\"async\" src=\"https:\/\/balatonkeresztur.plebania.hu\/wp-content\/uploads\/2023\/03\/SzentJozsef-scaled.jpeg\" alt=\"\" class=\"wp-image-955\" width=\"596\" height=\"1059\" srcset=\"https:\/\/balatonkeresztur.plebania.hu\/wp-content\/uploads\/2023\/03\/SzentJozsef-scaled.jpeg 1440w, https:\/\/balatonkeresztur.plebania.hu\/wp-content\/uploads\/2023\/03\/SzentJozsef-768x1365.jpeg 768w, https:\/\/balatonkeresztur.plebania.hu\/wp-content\/uploads\/2023\/03\/SzentJozsef-864x1536.jpeg 864w, https:\/\/balatonkeresztur.plebania.hu\/wp-content\/uploads\/2023\/03\/SzentJozsef-1152x2048.jpeg 1152w\" sizes=\"auto, (max-width: 596px) 100vw, 596px\" \/><\/figure>\n\n\n\n<p><strong>Rem\u00e9nyik S\u00e1ndor: J\u00f3zsef, az \u00e1cs, az Istennel besz\u00e9l<\/strong><\/p>\n\n\n\n<p><em>Magass\u00e1gos,<br>Te tudod: neh\u00e9z ez az apas\u00e1g,<br>Amit az \u00e9n szeg\u00e9ny v\u00e1llamra tett\u00e9l.<br>Apja voln\u00e9k, \u2013 \u00e9s m\u00e9gsem az vagyok.<br>Ez a gyermek\u2026 ha szem\u00e9be tekintek,<br>Benne ragyognak nap, hold, csillagok.<br>Anyja szemei s a Te szemeid,<br>Istenem, a Te szemeid azok.<br>Gy\u00f6ny\u00f6r\u0171s\u00e9ges \u00e9s sz\u00f6rny\u0171 szemek,<br>Oly ismer\u0151sek, s oly idegenek\u2026<br>Ez az \u00e1cs-m\u0171hely\u2026 ezek a forg\u00e1csok\u2026<br>Mit tehettem \u00e9rte?\u2026 mit tehetek?<br>\u00c9n tan\u00edtottam fogni a szersz\u00e1mot,<br>M\u00e9gis r\u00e1 fogj\u00e1k majd a kalap\u00e1csot.<br>\u00dagy f\u00e9lek: mi lesz?<br>Most is ki tudja, merre k\u00f3borog,<br>Tekintet\u00e9t\u0151l t\u00fczet fog a m\u0171hely,<br>T\u00fczet a vil\u00e1g, s egyszer ellobog.<br>\u00d3, j\u00f3 volt v\u00e9le Egyiptomba futni<br>S azut\u00e1n is \u00f3vni a l\u00e9pteit,<br>Fel a templomig, Jeruzs\u00e1lemig,<br>M\u00edg egyszer elmaradt\u2026<br>\u00d3, j\u00f3 volt, m\u00edg par\u00e1nyi r\u00f3zsaujja<br>Borzolta sz\u00fcrk\u00fcl\u0151 szak\u00e1llamat,<br>Ez\u00fcst nyomot hagyott m\u00e1r akkor is,<br>Komoly nyomot par\u00e1nyi r\u00f3zsaujja.<br>S most olyan m\u00e1s az \u00fatja\u2026<br>Vezetn\u00e9m \u00e9s \u0150 vezet engemet.<br>Csak azt tudom, a Te utadon j\u00e1r,<br>Magass\u00e1gos,<br>De ki tudja a Te \u00f6sv\u00e9nyedet?<br>Te vagy az atyja, \u2013 \u00e9n senki vagyok,<br>Az Evang\u00e9liumban hallgatok,<br>S hallgat r\u00f3lam az Evang\u00e9lium.<\/em><\/p>\n","protected":false},"excerpt":{"rendered":"<p>Szent J\u00f3zsef napj\u00e1n szentmise keret\u00e9ben \u00fcnnepli a Katolikus Egyh\u00e1z az Ap\u00e1k Napj\u00e1t, amellyel az apai hivat\u00e1st \u00e9s felel\u0151ss\u00e9gtudatot szeretn\u00e9 er\u0151s\u00edteni a f\u00e9rfiakban.<\/p>\n","protected":false},"author":1,"featured_media":0,"comment_status":"closed","ping_status":"closed","sticky":false,"template":"","format":"standard","meta":{"footnotes":""},"categories":[1],"tags":[],"class_list":["post-951","post","type-post","status-publish","format-standard","hentry","category-egyeb"],"_links":{"self":[{"href":"https:\/\/balatonkeresztur.plebania.hu\/index.php\/wp-json\/wp\/v2\/posts\/951","targetHints":{"allow":["GET"]}}],"collection":[{"href":"https:\/\/balatonkeresztur.plebania.hu\/index.php\/wp-json\/wp\/v2\/posts"}],"about":[{"href":"https:\/\/balatonkeresztur.plebania.hu\/index.php\/wp-json\/wp\/v2\/types\/post"}],"author":[{"embeddable":true,"href":"https:\/\/balatonkeresztur.plebania.hu\/index.php\/wp-json\/wp\/v2\/users\/1"}],"replies":[{"embeddable":true,"href":"https:\/\/balatonkeresztur.plebania.hu\/index.php\/wp-json\/wp\/v2\/comments?post=951"}],"version-history":[{"count":3,"href":"https:\/\/balatonkeresztur.plebania.hu\/index.php\/wp-json\/wp\/v2\/posts\/951\/revisions"}],"predecessor-version":[{"id":956,"href":"https:\/\/balatonkeresztur.plebania.hu\/index.php\/wp-json\/wp\/v2\/posts\/951\/revisions\/956"}],"wp:attachment":[{"href":"https:\/\/balatonkeresztur.plebania.hu\/index.php\/wp-json\/wp\/v2\/media?parent=951"}],"wp:term":[{"taxonomy":"category","embeddable":true,"href":"https:\/\/balatonkeresztur.plebania.hu\/index.php\/wp-json\/wp\/v2\/categories?post=951"},{"taxonomy":"post_tag","embeddable":true,"href":"https:\/\/balatonkeresztur.plebania.hu\/index.php\/wp-json\/wp\/v2\/tags?post=951"}],"curies":[{"name":"wp","href":"https:\/\/api.w.org\/{rel}","templated":true}]}}