{"id":94,"date":"2018-09-01T19:54:09","date_gmt":"2018-09-01T19:54:09","guid":{"rendered":"http:\/\/balatonkeresztur.plebania.hu\/?p=94"},"modified":"2018-09-01T19:54:09","modified_gmt":"2018-09-01T19:54:09","slug":"onkentes-utkereso-ev","status":"publish","type":"post","link":"https:\/\/balatonkeresztur.plebania.hu\/index.php\/2018\/09\/01\/onkentes-utkereso-ev\/","title":{"rendered":"\u00d6nk\u00e9ntes \u00fatkeres\u0151 \u00e9v"},"content":{"rendered":"<p>K\u00f6z\u00f6ss\u00e9gbe h\u00edvjuk azokat a fiatal feln\u0151tteket (18 +), akik szeretn\u00e9nek m\u00e9lyebb kapcsolatokat \u00e9p\u00edteni magukkal, egym\u00e1ssal, Istennel \u00e9s ez\u00e1tal a k\u00f6rnyezet\u00fck jav\u00e1ra lenni.<!--more--><\/p>\n<div>A szentign\u00e1ci lelkis\u00e9g ( imam\u00f3dok, v\u00e1gyak megk\u00fcl\u00f6nb\u00f6ztet\u00e9se,\u00a0 d\u00f6nt\u00e9si m\u00f3djaink..stb.), az \u00e9lm\u00e9nypedag\u00f3gia \u00e9s a\u00a0 pszichodramatikus eszk\u00f6zt\u00e1r\u00a0 seg\u00edts\u00e9g\u00e9vel l\u00e9p\u00fcnk k\u00f6zelebb a\u00a0 &#8221; benn\u00fcnk im\u00e1dkoz\u00f3 L\u00e9lekhez!&#8221;<\/div>\n<div><\/div>\n<div>Programjaink:<\/div>\n<div>hetente lelkis\u00e9gi m\u00fahely<\/div>\n<div>2 hetente k\u00f6z\u00f6s ima<\/div>\n<div>havi 1 h\u00e9tv\u00e9gi lelkinap<\/div>\n<div>lelkivezet\u00e9s megbesz\u00e9l\u00e9s szerint<\/div>\n<div><\/div>\n<div><b>Els\u0151 alkalom: szept 16. 16-18 \u00f3r\u00e1ig<\/b><\/div>\n<div>Helysz\u00edn:\u00a0\u00a08360\u00a0Keszthely, Tapolcai u. 1. Kis-Szent ter\u00e9z Pl\u00e9b\u00e1nia<\/div>\n<div><\/div>\n<div>Jelentkez\u00e9s emailben. <a href=\"mailto:bayerrmaria@gmail.com\" target=\"_blank\" rel=\"noreferrer noopener\" data-auth=\"NotApplicable\">bayerrmaria@gmail.com<\/a> vagy\u00a0 <a href=\"mailto:utkereses.eve@gmail.com\" target=\"_blank\" rel=\"noreferrer noopener\" data-auth=\"NotApplicable\">utkereses.eve@gmail.com<\/a>\u00a0 vagy szem\u00e9lyesen a helyszn\u00ednen<\/div>\n<div>A r\u00e9sztvev\u0151ket<b> k\u00e9rj\u00fck, hogy j\u00e1ruljanak hozz\u00e1 a program k\u00f6lts\u00e9geihez <\/b>adom\u00e1nyaikkal havi 10-20 000 Ft-tal lehet\u0151s\u00e9geikhez m\u00e9rten!<\/div>\n<div><\/div>\n<div>A programot az \u00datkeres\u00e9s H\u00e1za munkat\u00e1rsai \u00e9s \u00f6nk\u00e9ntesei vezetik ( <a href=\"http:\/\/www.utkereses.hu\" target=\"_blank\" rel=\"noreferrer noopener\" data-auth=\"NotApplicable\">www.utkereses.hu<\/a>) egy\u00fcttm\u0171k\u00f6dve a Kis Szent Ter\u00e9z Pl\u00e9b\u00e1ni\u00e1val.<\/div>\n<div>Plak\u00e1t let\u00f6lthet\u0151 <a href=\"http:\/\/balatonkeresztur.plebania.hu\/wp-content\/uploads\/2018\/09\/onkenteskeszthely.pdf\" target=\"_blank\" rel=\"noopener\">inn\u00e9t<\/a><\/div>\n","protected":false},"excerpt":{"rendered":"<p>K\u00f6z\u00f6ss\u00e9gbe h\u00edvjuk azokat a fiatal feln\u0151tteket (18 +), akik szeretn\u00e9nek m\u00e9lyebb kapcsolatokat \u00e9p\u00edteni magukkal, egym\u00e1ssal, Istennel \u00e9s ez\u00e1tal a k\u00f6rnyezet\u00fck jav\u00e1ra lenni.<\/p>\n","protected":false},"author":1,"featured_media":0,"comment_status":"closed","ping_status":"open","sticky":false,"template":"","format":"standard","meta":{"footnotes":""},"categories":[1],"tags":[],"class_list":["post-94","post","type-post","status-publish","format-standard","hentry","category-egyeb"],"_links":{"self":[{"href":"https:\/\/balatonkeresztur.plebania.hu\/index.php\/wp-json\/wp\/v2\/posts\/94","targetHints":{"allow":["GET"]}}],"collection":[{"href":"https:\/\/balatonkeresztur.plebania.hu\/index.php\/wp-json\/wp\/v2\/posts"}],"about":[{"href":"https:\/\/balatonkeresztur.plebania.hu\/index.php\/wp-json\/wp\/v2\/types\/post"}],"author":[{"embeddable":true,"href":"https:\/\/balatonkeresztur.plebania.hu\/index.php\/wp-json\/wp\/v2\/users\/1"}],"replies":[{"embeddable":true,"href":"https:\/\/balatonkeresztur.plebania.hu\/index.php\/wp-json\/wp\/v2\/comments?post=94"}],"version-history":[{"count":1,"href":"https:\/\/balatonkeresztur.plebania.hu\/index.php\/wp-json\/wp\/v2\/posts\/94\/revisions"}],"predecessor-version":[{"id":96,"href":"https:\/\/balatonkeresztur.plebania.hu\/index.php\/wp-json\/wp\/v2\/posts\/94\/revisions\/96"}],"wp:attachment":[{"href":"https:\/\/balatonkeresztur.plebania.hu\/index.php\/wp-json\/wp\/v2\/media?parent=94"}],"wp:term":[{"taxonomy":"category","embeddable":true,"href":"https:\/\/balatonkeresztur.plebania.hu\/index.php\/wp-json\/wp\/v2\/categories?post=94"},{"taxonomy":"post_tag","embeddable":true,"href":"https:\/\/balatonkeresztur.plebania.hu\/index.php\/wp-json\/wp\/v2\/tags?post=94"}],"curies":[{"name":"wp","href":"https:\/\/api.w.org\/{rel}","templated":true}]}}