{"id":939,"date":"2023-03-05T01:01:57","date_gmt":"2023-03-05T01:01:57","guid":{"rendered":"https:\/\/balatonkeresztur.plebania.hu\/?p=939"},"modified":"2023-03-04T20:04:08","modified_gmt":"2023-03-04T20:04:08","slug":"nagybojt-2-vasarnapjara","status":"publish","type":"post","link":"https:\/\/balatonkeresztur.plebania.hu\/index.php\/2023\/03\/05\/nagybojt-2-vasarnapjara\/","title":{"rendered":"Nagyb\u00f6jt 2. vas\u00e1rnapj\u00e1ra"},"content":{"rendered":"\n<p>J\u00f3zsef Attila: Nem emel f\u00f6l<\/p>\n\n\n\n<!--more-->\n\n\n\n<p>Nem emel f\u00f6l m\u00e1r senki sem,<br>belenehez\u00fcltem a s\u00e1rba.<br>Fogadj fiadnak, Istenem,<br>hogy ne legyek kegyetlen \u00e1rva.<\/p>\n\n\n\n<p><\/p>\n\n\n\n<p>Fogj \u00f6ssze, form\u00e1l\u00f3 alak,<br>s amire k\u00e9nyszer\u00edtnek engem,<br>hogy valljalak, tagadjalak,<br>seg\u00edts meg mindk\u00e9t sz\u00fcks\u00e9gemben.<\/p>\n\n\n\n<p><\/p>\n\n\n\n<p>Tudod, sz\u00edvem mily kisgyerek<br>\u2013 ne viszonozd a tagad\u00e1som;<br>ne vak\u00edtsd meg a lelkemet,<br>n\u00e9ha engedd, hogy mennybe l\u00e1sson.<\/p>\n\n\n\n<p><\/p>\n\n\n\n<p>Kinek mindegy volt m\u00e1r a k\u00edn,<br>hisz gondjaid magamra vettem,<br>az \u00e1rny\u00e9kvil\u00e1g \u00e1rkain<br>most m\u00e1r te \u0151rk\u00f6dj \u00e9nfelettem.<\/p>\n\n\n\n<p><\/p>\n\n\n\n<p>Intsd meg mind, kiket szeretek,<br>hogy legyenek jobb sz\u00edvvel hozz\u00e1m.<br>Vizsg\u00e1ld meg az \u00e9n \u00fcgyemet,<br>miel\u0151tt magam fel\u00e1ldozn\u00e1m<\/p>\n","protected":false},"excerpt":{"rendered":"<p>J\u00f3zsef Attila: Nem emel f\u00f6l<\/p>\n","protected":false},"author":1,"featured_media":0,"comment_status":"closed","ping_status":"closed","sticky":false,"template":"","format":"standard","meta":{"footnotes":""},"categories":[1],"tags":[],"class_list":["post-939","post","type-post","status-publish","format-standard","hentry","category-egyeb"],"_links":{"self":[{"href":"https:\/\/balatonkeresztur.plebania.hu\/index.php\/wp-json\/wp\/v2\/posts\/939","targetHints":{"allow":["GET"]}}],"collection":[{"href":"https:\/\/balatonkeresztur.plebania.hu\/index.php\/wp-json\/wp\/v2\/posts"}],"about":[{"href":"https:\/\/balatonkeresztur.plebania.hu\/index.php\/wp-json\/wp\/v2\/types\/post"}],"author":[{"embeddable":true,"href":"https:\/\/balatonkeresztur.plebania.hu\/index.php\/wp-json\/wp\/v2\/users\/1"}],"replies":[{"embeddable":true,"href":"https:\/\/balatonkeresztur.plebania.hu\/index.php\/wp-json\/wp\/v2\/comments?post=939"}],"version-history":[{"count":4,"href":"https:\/\/balatonkeresztur.plebania.hu\/index.php\/wp-json\/wp\/v2\/posts\/939\/revisions"}],"predecessor-version":[{"id":943,"href":"https:\/\/balatonkeresztur.plebania.hu\/index.php\/wp-json\/wp\/v2\/posts\/939\/revisions\/943"}],"wp:attachment":[{"href":"https:\/\/balatonkeresztur.plebania.hu\/index.php\/wp-json\/wp\/v2\/media?parent=939"}],"wp:term":[{"taxonomy":"category","embeddable":true,"href":"https:\/\/balatonkeresztur.plebania.hu\/index.php\/wp-json\/wp\/v2\/categories?post=939"},{"taxonomy":"post_tag","embeddable":true,"href":"https:\/\/balatonkeresztur.plebania.hu\/index.php\/wp-json\/wp\/v2\/tags?post=939"}],"curies":[{"name":"wp","href":"https:\/\/api.w.org\/{rel}","templated":true}]}}