{"id":934,"date":"2023-03-04T19:52:18","date_gmt":"2023-03-04T19:52:18","guid":{"rendered":"https:\/\/balatonkeresztur.plebania.hu\/?p=934"},"modified":"2023-03-05T05:30:27","modified_gmt":"2023-03-05T05:30:27","slug":"tartoselelmiszer-gyujtes","status":"publish","type":"post","link":"https:\/\/balatonkeresztur.plebania.hu\/index.php\/2023\/03\/04\/tartoselelmiszer-gyujtes\/","title":{"rendered":"Tart\u00f3s\u00e9lelmiszer-gy\u0171jt\u00e9s"},"content":{"rendered":"\n<p>A Magyar Katolikus P\u00fcsp\u00f6ki Konferencia k\u00f6rlevele a 2023. \u00e9vi nagyb\u00f6jti tart\u00f3s\u00e9lelmiszer-gy\u0171jt\u00e9sr\u0151l<\/p>\n\n\n\n<!--more-->\n\n\n\n<p>Kedves Testv\u00e9rek!<\/p>\n\n\n\n<p>Ima \u2013 b\u00f6jt \u2013 alamizsna: ez a h\u00e1rom tan\u00e1cs legyen k\u00eds\u00e9r\u0151nk az idei nagyb\u00f6jti utunkon is!<\/p>\n\n\n\n<p>Az els\u0151 sz\u00e1zad kereszt\u00e9nyei a szentmis\u00e9re vitt\u00e9k magukkal a szeg\u00e9nyeknek sz\u00e1nt adom\u00e1nyaikat, \u00e9s r\u00e9gi b\u00f6jti hagyom\u00e1ny az Egyh\u00e1zban a b\u00f6jt\u00f6l\u00e9ssel megtakar\u00edtott javakat a szeg\u00e9nyeknek felaj\u00e1nlani.<\/p>\n\n\n\n<p>Amikor Szent P\u00e1l apostol a Galat\u00e1knak \u00edrt level\u00e9ben besz\u00e1mol a korai Egyh\u00e1z \u00e9let\u00e9r\u0151l, fontosnak tartja le\u00edrni: \u201eCsak legyen gondunk a szeg\u00e9nyekre, ennek viszont igyekeztem is eleget tenni\u201d (Gal 2,10).<\/p>\n\n\n\n<p>Az Egyh\u00e1z k\u00f6vette az \u00e9vezredek sor\u00e1n az apostolok hagyom\u00e1ny\u00e1t abban is, hogy az evangeliz\u00e1ci\u00f3 mellett a diak\u00f3ni\u00e1t, vagyis a szeretetszolg\u00e1latot is kifejezetten fontos k\u00fcldet\u00e9snek tekintette.<\/p>\n\n\n\n<p>Boldog eml\u00e9k\u0171 XVI. Benedek p\u00e1pa a Deus caritas est \u2013 Az Isten szeretet kezdet\u0171 enciklik\u00e1j\u00e1ban err\u0151l \u00edgy tan\u00edt:<\/p>\n\n\n\n<p>A diak\u00f3nusokkal \u201ea \u00bbdiakonia\u00ab \u2013 a felebar\u00e1ti szeretet k\u00f6z\u00f6ss\u00e9gi \u00e9s rendezett szolg\u00e1lata \u2013 be\u00e9p\u00fclt az Egyh\u00e1z alapvet\u0151 strukt\u00far\u00e1j\u00e1ba. Az id\u0151k folyam\u00e1n \u00e9s az Egyh\u00e1z fokozatos elterjed\u00e9s\u00e9vel szeretetszolg\u00e1lat\u00e1t, a karit\u00e1szt a szents\u00e9g kiszolg\u00e1ltat\u00e1s\u00e1val \u00e9s az Ige hirdet\u00e9s\u00e9vel egy\u00fctt l\u00e9nyeges \u00f6sszetev\u0151j\u00e9nek tekintett\u00e9k: a szeretet gyakorl\u00e1sa az \u00f6zvegyek \u00e9s \u00e1rv\u00e1k, a rabok, a betegek \u00e9s a mindenf\u00e9le sz\u00fcks\u00e9get szenved\u0151k ir\u00e1nt \u00e9pp\u00fagy a l\u00e9nyeg\u00e9hez tartozik, mint a szents\u00e9gek szolg\u00e1lata \u00e9s az evang\u00e9lium hirdet\u00e9se. Az Egyh\u00e1z \u00e9pp\u00fagy nem hanyagolhatja el a szeretetszolg\u00e1latot, mint a szents\u00e9geket \u00e9s az Ig\u00e9t. Ennek bizony\u00edt\u00e1s\u00e1ra el\u00e9g n\u00e9h\u00e1ny p\u00e9lda. Jusztin v\u00e9rtan\u00fa (\u2020155 k.) a kereszt\u00e9nyek vas\u00e1rnapi \u00fcnnepl\u00e9s\u00e9vel kapcsolatban szeretet-tev\u00e9kenys\u00e9g\u00fcket is elmondja, amely az Euchariszti\u00e1hoz kapcsol\u00f3dik: a m\u00f3dosabbak lehet\u0151s\u00e9geik m\u00e9rt\u00e9ke szerint mind adnak annyit, amennyit akarnak; az \u00f6sszegy\u0171lt javakkal a p\u00fcsp\u00f6k t\u00e1mogatja az \u00e1rv\u00e1kat, az \u00f6zvegyeket \u00e9s mindazokat, akik betegs\u00e9g vagy m\u00e1s ok miatt bajban vannak, valamint a foglyokat \u00e9s az idegeneket is. A nagy kereszt\u00e9ny \u00edr\u00f3, Tertullianus (\u2020220) elbesz\u00e9li, hogy a pog\u00e1nyokban mekkora csod\u00e1lkoz\u00e1st v\u00e1ltott ki a kereszt\u00e9nyek gondoskod\u00e1sa a sz\u00fcks\u00e9get szenved\u0151kr\u0151l. \u00c9s amikor Antiochiai Ign\u00e1c (\u2020117 k.) a r\u00f3mai Egyh\u00e1zat a \u00bbszeretetben (agap\u00e9) eln\u00f6kl\u0151nek\u00ab nevezi, joggal f\u00f6lt\u00e9telezhetj\u00fck, hogy e megjel\u00f6l\u00e9ssel a r\u00f3mai Egyh\u00e1z konkr\u00e9t szeretet-tev\u00e9kenys\u00e9g\u00e9t is ki akarta fejezni\u201d (DCE 22).<\/p>\n\n\n\n<p>Ferenc p\u00e1pa a tavaly a Szeg\u00e9nyek VI. vil\u00e1gnapj\u00e1ra \u00edrt \u00fczenet\u00e9ben r\u00e1mutatott, hogy jelen korunk milyen neh\u00e9z kih\u00edv\u00e1s el\u00e9 \u00e1ll\u00edtja a csal\u00e1dokat:<\/p>\n\n\n\n<p>\u201eN\u00e9h\u00e1ny h\u00f3nappal ezel\u0151tt a vil\u00e1g lassan elkezdte maga m\u00f6g\u00f6tt hagyni a pand\u00e9mia okozta z\u0171rzavart \u00e9s a gazdas\u00e1gi fellend\u00fcl\u00e9s jeleit mutatta, s \u00fagy t\u0171nt, hogy a munkahely\u00fck megsz\u0171n\u00e9se miatt elszeg\u00e9nyedett milli\u00f3k fell\u00e9legezhetnek\u2026 \u00c9s ekkor egy \u00faj katasztr\u00f3fa t\u0171nt fel a l\u00e1that\u00e1ron \u00e9s m\u00e1s forgat\u00f3k\u00f6nyvet k\u00e9nyszer\u00edtett a vil\u00e1gra.<\/p>\n\n\n\n<p>P\u00e1l jeruzs\u00e1lemi l\u00e1togat\u00e1sa sor\u00e1n tal\u00e1lkozott P\u00e9terrel, Jakabbal \u00e9s J\u00e1nossal, akik arra k\u00e9rt\u00e9k, hogy ne feledkezzen meg a szeg\u00e9nyekr\u0151l. Az orsz\u00e1got s\u00fajt\u00f3 \u00e9h\u00edns\u00e9g miatt ugyanis a jeruzs\u00e1lemi k\u00f6z\u00f6ss\u00e9g neh\u00e9z helyzetbe ker\u00fclt, \u00e9s az apostol azonnal gondoskodott arr\u00f3l, hogy e szeg\u00e9nyek jav\u00e1ra nagyszab\u00e1s\u00fa gy\u0171jt\u00e9st szervezzen.<\/p>\n\n\n\n<p>Mintha nem is teltek volna el \u00e9vsz\u00e1zadok az\u00f3ta, mi is ugyanezt a gesztust tessz\u00fck minden vas\u00e1rnap az Eucharisztia \u00fcnnepl\u00e9se k\u00f6zben: \u00f6sszegy\u0171jtj\u00fck adom\u00e1nyainkat, hogy a k\u00f6z\u00f6ss\u00e9g seg\u00edteni tudjon a legszeg\u00e9nyebbek sz\u00fcks\u00e9g\u00e9n. Ez olyan jel, amelyet a kereszt\u00e9nyek mindig is<\/p>\n\n\n\n<p>\u00f6r\u00f6mmel \u00e9s felel\u0151ss\u00e9gtudattal cselekedtek meg, hogy egyetlen testv\u00e9r\u00fcnk se szenvedjen hi\u00e1nyt a legsz\u00fcks\u00e9gesebbekben.<\/p>\n\n\n\n<p>A szolidarit\u00e1s ugyanis azt jelenti, hogy megosztjuk azt a keveset, amink van azokkal, akiknek semmij\u00fck sincs, hogy senki se szenvedjen. Min\u00e9l er\u0151sebb a k\u00f6z\u00f6ss\u00e9g \u00e9s az \u00f6sszetartoz\u00e1s mint \u00e9letforma \u00e9rz\u00e9se, ann\u00e1l ink\u00e1bb megval\u00f3sul a szolidarit\u00e1s.<\/p>\n\n\n\n<p>P\u00e1l k\u00e9r\u00e9s\u00e9nek alapja k\u00e9ts\u00e9gtelen\u00fcl a konkr\u00e9t seg\u00edts\u00e9gny\u00fajt\u00e1s sz\u00fcks\u00e9gess\u00e9ge, de val\u00f3s sz\u00e1nd\u00e9ka ezen t\u00falmutat. Arra sz\u00f3l\u00edtja fel a k\u00f6z\u00f6ss\u00e9get, hogy a gy\u0171jt\u00e9s annak a szeretetnek jele legyen, amelyr\u0151l maga J\u00e9zus is tan\u00fas\u00e1got tett. R\u00f6viden, a szeg\u00e9nyek ir\u00e1nti nagylelk\u0171s\u00e9g leger\u0151sebb motiv\u00e1ci\u00f3j\u00e1t Isten Fi\u00e1nak abban a d\u00f6nt\u00e9s\u00e9ben tal\u00e1lja meg, hogy szeg\u00e9nny\u00e9 tette mag\u00e1t.\u201d<\/p>\n\n\n\n<p>A gazdas\u00e1gi v\u00e1ls\u00e1g \u2013 \u00e9s annak k\u00f6vetkezt\u00e9ben a rezsi- \u00e9s \u00e9lelmiszer\u00e1rak emelked\u00e9se \u2013 olyan csal\u00e1dokat is neh\u00e9z helyzet el\u00e9 \u00e1ll\u00edt, akik eddig anyagi biztons\u00e1gban tudtak \u00e9lni. N\u00f6vekedett azoknak a csal\u00e1doknak a sz\u00e1ma, akik seg\u00edts\u00e9gre szorulnak. A haz\u00e1nkban \u00e9l\u0151 csal\u00e1dokon szeretn\u00e9nk seg\u00edteni, amikor id\u00e9n is meghirdetj\u00fck a nagyb\u00f6jti tart\u00f3s\u00e9lelmiszer-gy\u0171jt\u00e9st templomainkban. K\u00e9rj\u00fck, hozz\u00e1k el a szentmis\u00e9kre tart\u00f3s\u00e9lelmiszer-felaj\u00e1nl\u00e1sukat a r\u00e1szorul\u00f3k sz\u00e1m\u00e1ra, \u00e9s tegy\u00e9k a templomban erre kijel\u00f6lt helyre.<\/p>\n\n\n\n<p>Ferenc p\u00e1pa \u00edgy tan\u00edt benn\u00fcnket: \u201eA szeg\u00e9nyekkel tal\u00e1lkozva a nagy szavak nem \u00e9rnek semmit, hanem az kell, hogy az ember felt\u0171rje az ingujj\u00e1t \u00e9s szem\u00e9lyes elk\u00f6telezetts\u00e9g\u00e9vel a gyakorlatban fejezze ki a hit\u00e9t, ezt a feladatot pedig nem lehet m\u00e1sokra \u00e1th\u00e1r\u00edtani\u201d (Ferenc p\u00e1pa \u00fczenete a Szeg\u00e9nyek VI. vil\u00e1gnapj\u00e1ra).<\/p>\n\n\n\n<p>A legkisebb adom\u00e1nnyal is a felebar\u00e1ti szeretet aj\u00e1nd\u00e9ka val\u00f3sul meg k\u00f6z\u00f6tt\u00fcnk. A templomainkban \u00f6sszegy\u0171jt\u00f6tt \u00e9lelmiszerek nemcsak t\u00e1pl\u00e1l\u00e9kot jelentenek, hanem \u00fczenetet is visznek magukkal, a Gondvisel\u0151 Isten szeretet\u00e9nek k\u00e9zzelfoghat\u00f3 jel\u00e9t a n\u00e9lk\u00fcl\u00f6z\u0151 csal\u00e1dokba.<\/p>\n\n\n\n<p>Tegy\u00fcnk tan\u00fas\u00e1got az irgalmas szeretet gyakorl\u00e1s\u00e1r\u00f3l az idei Nagyb\u00f6jtben is \u00e9s lehet\u0151s\u00e9geinkhez m\u00e9rten tart\u00f3s \u00e9lelmiszerrel j\u00e1ruljunk hozz\u00e1 a Katolikus Egyh\u00e1z seg\u00e9lyakci\u00f3j\u00e1hoz! Erre a j\u00f6v\u0151 heti vas\u00e1rnapi szentmis\u00e9ken \u00e9s az azt k\u00f6vet\u0151 h\u00e9ten lesz lehet\u0151s\u00e9g, m\u00e1rcius 12-t\u0151l 19-ig. Az adom\u00e1nyokat a Katolikus Karit\u00e1sz juttatja majd el a r\u00e1szorul\u00f3khoz.<\/p>\n\n\n\n<p>A kor\u00e1bbi \u00e9vekben meghirdetett gy\u0171jt\u00e9seink eredm\u00e9nyek\u00e9ppen csal\u00e1dok ezreit tudtuk seg\u00edteni azokkal a seg\u00e9lycsomagokkal, amelyeket a h\u00edvek adom\u00e1nyaib\u00f3l \u00e1ll\u00edtottunk \u00f6ssze a r\u00e1szorul\u00f3knak. Tudjuk, hogy a templomba j\u00e1r\u00f3 h\u00edveink is neh\u00e9z helyzetben vannak, hiszen a gazdas\u00e1gi v\u00e1ls\u00e1g benn\u00fcnket sem ker\u00fcl el. A \u201eszeg\u00e9ny asszony k\u00e9t fill\u00e9rje\u201d-adom\u00e1nyokat is h\u00e1l\u00e1san k\u00f6sz\u00f6nj\u00fck, hogy \u00fajra nagyon sok csal\u00e1dnak tudjunk seg\u00edteni az irgalmas J\u00e9zus p\u00e9ld\u00e1j\u00e1t k\u00f6vetve.<\/p>\n\n\n\n<p>Telefonos adom\u00e1nyvonalon is bekapcsol\u00f3dhatunk a Karit\u00e1sz seg\u00edt\u0151 munk\u00e1j\u00e1ba: ha h\u00edvjuk az 1356-os telefonsz\u00e1mot, h\u00edv\u00e1sonk\u00e9nt 500 forinttal seg\u00edt\u00fcnk.<\/p>\n\n\n\n<p>\u201e1% seg\u00edts\u00e9g, 100% szeretet.\u201d K\u00e9rj\u00fck, hogy aki teheti, ad\u00f3ja egy sz\u00e1zal\u00e9k\u00e1val is t\u00e1mogassa a Katolikus Karit\u00e1sz szolg\u00e1lat\u00e1t: a Karit\u00e1szt T\u00e1mogat\u00f3 Alap\u00edtv\u00e1nyt. K\u00f6sz\u00f6nj\u00fck a szeg\u00e9nyeknek sz\u00e1nt adom\u00e1nyaikat.<\/p>\n\n\n\n<p>Kelt: Budapest, 2023. Nagyb\u00f6jt 2. vas\u00e1rnapj\u00e1n<\/p>\n\n\n\n<p>a Magyar Katolikus P\u00fcsp\u00f6ki Konferencia<\/p>\n\n\n\n<p>K\u00e9rj\u00fck felolvasni a k\u00f6rlevelet 2023. m\u00e1rcius 5-\u00e9n,<\/p>\n\n\n\n<p>Nagyb\u00f6jt 2. vas\u00e1rnapj\u00e1n minden szentmis\u00e9n.<\/p>\n\n\n\n<p>Forr\u00e1s: <a href=\"https:\/\/www.magyarkurir.hu\/hirek\/a-magyar-katolikus-puspoki-konferencia-korlevele-2023-evi-nagybojti-tartoselelmiszer-gyujtesrol\" target=\"_blank\" rel=\"noreferrer noopener\">Magyar Kur\u00edr<\/a><\/p>\n","protected":false},"excerpt":{"rendered":"<p>A Magyar Katolikus P\u00fcsp\u00f6ki Konferencia k\u00f6rlevele a 2023. \u00e9vi nagyb\u00f6jti tart\u00f3s\u00e9lelmiszer-gy\u0171jt\u00e9sr\u0151l<\/p>\n","protected":false},"author":1,"featured_media":0,"comment_status":"closed","ping_status":"open","sticky":false,"template":"","format":"standard","meta":{"footnotes":""},"categories":[1],"tags":[],"class_list":["post-934","post","type-post","status-publish","format-standard","hentry","category-egyeb"],"_links":{"self":[{"href":"https:\/\/balatonkeresztur.plebania.hu\/index.php\/wp-json\/wp\/v2\/posts\/934","targetHints":{"allow":["GET"]}}],"collection":[{"href":"https:\/\/balatonkeresztur.plebania.hu\/index.php\/wp-json\/wp\/v2\/posts"}],"about":[{"href":"https:\/\/balatonkeresztur.plebania.hu\/index.php\/wp-json\/wp\/v2\/types\/post"}],"author":[{"embeddable":true,"href":"https:\/\/balatonkeresztur.plebania.hu\/index.php\/wp-json\/wp\/v2\/users\/1"}],"replies":[{"embeddable":true,"href":"https:\/\/balatonkeresztur.plebania.hu\/index.php\/wp-json\/wp\/v2\/comments?post=934"}],"version-history":[{"count":3,"href":"https:\/\/balatonkeresztur.plebania.hu\/index.php\/wp-json\/wp\/v2\/posts\/934\/revisions"}],"predecessor-version":[{"id":944,"href":"https:\/\/balatonkeresztur.plebania.hu\/index.php\/wp-json\/wp\/v2\/posts\/934\/revisions\/944"}],"wp:attachment":[{"href":"https:\/\/balatonkeresztur.plebania.hu\/index.php\/wp-json\/wp\/v2\/media?parent=934"}],"wp:term":[{"taxonomy":"category","embeddable":true,"href":"https:\/\/balatonkeresztur.plebania.hu\/index.php\/wp-json\/wp\/v2\/categories?post=934"},{"taxonomy":"post_tag","embeddable":true,"href":"https:\/\/balatonkeresztur.plebania.hu\/index.php\/wp-json\/wp\/v2\/tags?post=934"}],"curies":[{"name":"wp","href":"https:\/\/api.w.org\/{rel}","templated":true}]}}