{"id":930,"date":"2023-02-22T06:35:42","date_gmt":"2023-02-22T06:35:42","guid":{"rendered":"https:\/\/balatonkeresztur.plebania.hu\/?p=930"},"modified":"2023-02-22T06:36:37","modified_gmt":"2023-02-22T06:36:37","slug":"hamvazoszerda","status":"publish","type":"post","link":"https:\/\/balatonkeresztur.plebania.hu\/index.php\/2023\/02\/22\/hamvazoszerda\/","title":{"rendered":"Hamvaz\u00f3szerd\u00e1ra"},"content":{"rendered":"\n<p>REM\u00c9NYIK S\u00c1NDOR: HA SZ\u00c1MBAVETTED\u2026<\/p>\n\n\n\n<!--more-->\n\n\n\n<p>Ha sz\u00e1mbavetted mind a v\u00e9tkeid,<br>Szemed ha metsz\u0151n \u00f6nmagadba l\u00e1tott:<br>Az ismeretlen sok-sok b\u0171n\u00f6d\u00e9rt<br>M\u00e9g mondj el egy p\u00e1r miaty\u00e1nkot!<\/p>\n\n\n\n<p>Mert sz\u00fcntelen a mi b\u0171nbees\u00e9s\u00fcnk,<br>Mert v\u00e9gtelen a v\u00e9tkeinknek sz\u00e1ma<br>S tal\u00e1n nem az a leg\u00f6l\u0151bb csap\u00e1s,<br>Mit s\u00fajt az \u00f6kl\u00fcnk tudva, odasz\u00e1nva.<\/p>\n\n\n\n<p>A legsikolt\u00f3bb seb tal\u00e1n nem az,<br>Mit oszt a kardunk ny\u00edlt, lovagi torn\u00e1n<br>S t\u00e1n az se, mit suttogva, h\u00e1tm\u00f6g\u00f6tt<br>Ejt\u00fcnk kaj\u00e1nul, titkon \u00e9s orozv\u00e1n.<\/p>\n\n\n\n<p>A legsikolt\u00f3bb, leg\u00e9g\u0151bb sebek<br>Egy mosolyunkt\u00f3l ny\u00edlnak, \u00fagy lehet.<br>Mely indult j\u00f3akarat \u00f6sv\u00e9ny\u00e9n<br>\u00c9s \u00f6ntudatlan g\u00fanyba t\u00e9vedett.<\/p>\n\n\n\n<p>A legsz\u00f6rny\u0171bb lavin\u00e1k \u00fagy lehet,<br>Indulnak egy elejtett sz\u00f3 nyom\u00e1n,<br>Mit elhallgatni \u2013 v\u00e9lt\u00fck \u2013 nincs mi\u00e9rt,<br>S mit elhallgatni jobb lett volna t\u00e1n.<\/p>\n\n\n\n<p>S mikor egy gy\u00f6tr\u0151d\u0151 sz\u00edv \u00fagy eped<br>Egy sz\u00f3nk\u00e9rt, mely meg tudn\u00e1 v\u00e1ltani,<br>S vir\u00e1goskertb\u0151l sivatagg\u00e1 lesz.<br>Mert azt az ig\u00e9t nem mondottuk ki.<\/p>\n\n\n\n<p>Mert eln\u00e9zt\u00fcnk a k\u00f6d\u00f6s messzes\u00e9gbe,<br>A l\u00e9pt\u00fcnk rajta d\u00f6ngve \u00e1thaladt,<br>Semmit se tett\u00fcnk \u2013 csak nem vett\u00fck \u00e9szre \u2013<br>\u00c9s eltapostuk, mint egy bogarat.<\/p>\n\n\n\n<p>Oh v\u00e9gtelen a v\u00e9tkeinknek sz\u00e1ma,<br>Mi \u00e1lomroncsba, t\u00f6rt rem\u00e9nybe j\u00e1runk,<br>Puszt\u00e1n az\u00e1ltal, hogy \u00e9l\u00fcnk, megy\u00fcnk,<br>Sz\u00fcntelen egy vir\u00e1got t\u00f6r le l\u00e1bunk.<\/p>\n\n\n\n<p>Ha sz\u00e1mbavetted mind a v\u00e9tkeid,<br>Szemed ha metsz\u0151n \u00f6nmagadba l\u00e1tott:<br>Az ismeretlen sok, sok b\u0171n\u00f6d\u00e9rt<br>M\u00e9g mondj el egy p\u00e1r miaty\u00e1nkot.<\/p>\n","protected":false},"excerpt":{"rendered":"<p>REM\u00c9NYIK S\u00c1NDOR: HA SZ\u00c1MBAVETTED\u2026<\/p>\n","protected":false},"author":1,"featured_media":0,"comment_status":"closed","ping_status":"open","sticky":false,"template":"","format":"standard","meta":{"footnotes":""},"categories":[1],"tags":[],"class_list":["post-930","post","type-post","status-publish","format-standard","hentry","category-egyeb"],"_links":{"self":[{"href":"https:\/\/balatonkeresztur.plebania.hu\/index.php\/wp-json\/wp\/v2\/posts\/930","targetHints":{"allow":["GET"]}}],"collection":[{"href":"https:\/\/balatonkeresztur.plebania.hu\/index.php\/wp-json\/wp\/v2\/posts"}],"about":[{"href":"https:\/\/balatonkeresztur.plebania.hu\/index.php\/wp-json\/wp\/v2\/types\/post"}],"author":[{"embeddable":true,"href":"https:\/\/balatonkeresztur.plebania.hu\/index.php\/wp-json\/wp\/v2\/users\/1"}],"replies":[{"embeddable":true,"href":"https:\/\/balatonkeresztur.plebania.hu\/index.php\/wp-json\/wp\/v2\/comments?post=930"}],"version-history":[{"count":2,"href":"https:\/\/balatonkeresztur.plebania.hu\/index.php\/wp-json\/wp\/v2\/posts\/930\/revisions"}],"predecessor-version":[{"id":932,"href":"https:\/\/balatonkeresztur.plebania.hu\/index.php\/wp-json\/wp\/v2\/posts\/930\/revisions\/932"}],"wp:attachment":[{"href":"https:\/\/balatonkeresztur.plebania.hu\/index.php\/wp-json\/wp\/v2\/media?parent=930"}],"wp:term":[{"taxonomy":"category","embeddable":true,"href":"https:\/\/balatonkeresztur.plebania.hu\/index.php\/wp-json\/wp\/v2\/categories?post=930"},{"taxonomy":"post_tag","embeddable":true,"href":"https:\/\/balatonkeresztur.plebania.hu\/index.php\/wp-json\/wp\/v2\/tags?post=930"}],"curies":[{"name":"wp","href":"https:\/\/api.w.org\/{rel}","templated":true}]}}