{"id":918,"date":"2023-02-03T06:45:23","date_gmt":"2023-02-03T06:45:23","guid":{"rendered":"https:\/\/balatonkeresztur.plebania.hu\/?p=918"},"modified":"2023-02-02T06:45:42","modified_gmt":"2023-02-02T06:45:42","slug":"pilinszky-janos-balazsolasra","status":"publish","type":"post","link":"https:\/\/balatonkeresztur.plebania.hu\/index.php\/2023\/02\/03\/pilinszky-janos-balazsolasra\/","title":{"rendered":"Pilinszky J\u00e1nos: Bal\u00e1zsol\u00e1sra"},"content":{"rendered":"\n<p>Febru\u00e1r 3-\u00e1n, van Szent Bal\u00e1zs \u00fcnnepe. Sokaknak m\u00e1r csak gyermekkori eml\u00e9k\u00fck van r\u00f3la, mert ugyan \u2013 mondja a k\u00e9telked\u00e9s \u2013 megv\u00e9dhet-e valakit a toroknyavaly\u00e1t\u00f3l a k\u00e9tkar\u00fa gyertya f\u00e9ny\u00e9ben osztott \u00e1ld\u00e1s?<\/p>\n\n\n\n<!--more-->\n\n\n\n<p>S kik \u00edgy gondolkodnak an\u00e9lk\u00fcl, hogy \u00e9rz\u00e9seiket k\u00f6zelebbr\u0151l megfogalmazn\u00e1k, legink\u00e1bb a babon\u00e1k vagy legjobb esetben a \u201er\u00e1nk ragadt szok\u00e1sok\u201d k\u00f6z\u00e9 sorolj\u00e1k. De vajon babon\u00e1s-e a h\u00edv\u0151, vagy csak egyszer\u0171 szok\u00e1snak tesz eleget, aki ezen a napon az olt\u00e1r el\u00e9 j\u00e1rul, s a hajdani szent p\u00fcsp\u00f6k mennyei k\u00f6zbenj\u00e1r\u00e1s\u00e1\u00e9rt k\u00f6ny\u00f6r\u00f6g az arc\u00e1ba vil\u00e1g\u00edt\u00f3 gyertyaf\u00e9nyben?<\/p>\n\n\n\n<p>Aki h\u00edv\u0151 a Bal\u00e1zs-gyerty\u00e1k f\u00e9ny\u00e9be t\u00e9rdepel, m\u00e9g ha arra k\u00e9rn\u00e9 is Szent Bal\u00e1zs k\u00f6zbenj\u00e1r\u00e1s\u00e1t, sz\u00edve legm\u00e9ly\u00e9n, legv\u00e9g\u00fcl m\u00e9gse a \u201ek\u00f6zvetlen csod\u00e1ra\u201d sz\u00e1m\u00edt. Ann\u00e1l szinte t\u00f6bbet \u00e9s m\u00e9lyebbet rem\u00e9l: a szent k\u00f6zbenj\u00e1r\u00e1s\u00e1t Istenn\u00e9l. Legv\u00e9g\u00fcl teh\u00e1t Istenre b\u00edzza k\u00e9r\u00e9s\u00e9t mag\u00e1t is. Igen, aki a Bal\u00e1zs-\u00e1ld\u00e1st mag\u00e1ra veszi, Isten v\u00e9gs\u0151 irgalm\u00e1ba vetett bizalm\u00e1nak adja tan\u00fajel\u00e9t. Nem szok\u00e1s \u00e9s nem is babona, hanem Isten irgalm\u00e1ba vetett v\u00e9gs\u0151, s nagyon is feln\u0151tt bizalmunk megvall\u00e1s\u00e1ra sz\u00e9p alkalom h\u00e1t a szent \u00fcnnep\u00e9n az olt\u00e1rr\u00e1cs el\u00e9 t\u00e9rdeln\u00fcnk.<\/p>\n","protected":false},"excerpt":{"rendered":"<p>Febru\u00e1r 3-\u00e1n, van Szent Bal\u00e1zs \u00fcnnepe. Sokaknak m\u00e1r csak gyermekkori eml\u00e9k\u00fck van r\u00f3la, mert ugyan \u2013 mondja a k\u00e9telked\u00e9s \u2013 megv\u00e9dhet-e valakit a toroknyavaly\u00e1t\u00f3l a k\u00e9tkar\u00fa gyertya f\u00e9ny\u00e9ben osztott \u00e1ld\u00e1s?<\/p>\n","protected":false},"author":1,"featured_media":0,"comment_status":"closed","ping_status":"closed","sticky":false,"template":"","format":"standard","meta":{"footnotes":""},"categories":[1],"tags":[],"class_list":["post-918","post","type-post","status-publish","format-standard","hentry","category-egyeb"],"_links":{"self":[{"href":"https:\/\/balatonkeresztur.plebania.hu\/index.php\/wp-json\/wp\/v2\/posts\/918","targetHints":{"allow":["GET"]}}],"collection":[{"href":"https:\/\/balatonkeresztur.plebania.hu\/index.php\/wp-json\/wp\/v2\/posts"}],"about":[{"href":"https:\/\/balatonkeresztur.plebania.hu\/index.php\/wp-json\/wp\/v2\/types\/post"}],"author":[{"embeddable":true,"href":"https:\/\/balatonkeresztur.plebania.hu\/index.php\/wp-json\/wp\/v2\/users\/1"}],"replies":[{"embeddable":true,"href":"https:\/\/balatonkeresztur.plebania.hu\/index.php\/wp-json\/wp\/v2\/comments?post=918"}],"version-history":[{"count":1,"href":"https:\/\/balatonkeresztur.plebania.hu\/index.php\/wp-json\/wp\/v2\/posts\/918\/revisions"}],"predecessor-version":[{"id":919,"href":"https:\/\/balatonkeresztur.plebania.hu\/index.php\/wp-json\/wp\/v2\/posts\/918\/revisions\/919"}],"wp:attachment":[{"href":"https:\/\/balatonkeresztur.plebania.hu\/index.php\/wp-json\/wp\/v2\/media?parent=918"}],"wp:term":[{"taxonomy":"category","embeddable":true,"href":"https:\/\/balatonkeresztur.plebania.hu\/index.php\/wp-json\/wp\/v2\/categories?post=918"},{"taxonomy":"post_tag","embeddable":true,"href":"https:\/\/balatonkeresztur.plebania.hu\/index.php\/wp-json\/wp\/v2\/tags?post=918"}],"curies":[{"name":"wp","href":"https:\/\/api.w.org\/{rel}","templated":true}]}}