{"id":911,"date":"2023-01-31T07:05:36","date_gmt":"2023-01-31T07:05:36","guid":{"rendered":"https:\/\/balatonkeresztur.plebania.hu\/?p=911"},"modified":"2023-01-31T07:06:20","modified_gmt":"2023-01-31T07:06:20","slug":"balatonszemesi-katolikus-talalkozo","status":"publish","type":"post","link":"https:\/\/balatonkeresztur.plebania.hu\/index.php\/2023\/01\/31\/balatonszemesi-katolikus-talalkozo\/","title":{"rendered":"Balatonszemesi Katolikus Tal\u00e1lkoz\u00f3"},"content":{"rendered":"\n<p>K\u00e9t \u00e9v k\u00e9nyszersz\u00fcnet ut\u00e1n id\u00e9n \u00fajra megrendez\u00e9sre ker\u00fcl a Balatonszemesi Katolikus Tal\u00e1lkoz\u00f3, amelyre szeretettel h\u00edvunk minden kedves \u00e9rdekl\u0151d\u0151t.<\/p>\n\n\n\n<!--more-->\n\n\n\n<p>A tal\u00e1lkoz\u00f3 mott\u00f3ja az idei \u00e9vben Assisi Szent Ferenc egyik im\u00e1ja lesz:<\/p>\n\n\n\n<p>\u201eUram, t\u00e9gy engem b\u00e9k\u00e9d eszk\u00f6z\u00e9v\u00e9\u201d<\/p>\n\n\n\n<p>Az al\u00e1bbiakban mutatjuk be a tal\u00e1lkoz\u00f3 pontos id\u0151pontj\u00e1t, helysz\u00edn\u00e9t, \u00e9s tervezett programj\u00e1t:<\/p>\n\n\n\n<p>Id\u0151pont: 2023. febru\u00e1r 18.<\/p>\n\n\n\n<p>Helysz\u00edn: Balatonszemesi Reich K\u00e1roly \u00c1ltal\u00e1nos Iskola<\/p>\n\n\n\n<p>C\u00edm: 8636 Balatonszemes, G\u00e1rdonyi G\u00e9za u. 1.<\/p>\n\n\n\n<p>Program:<\/p>\n\n\n\n<figure class=\"wp-block-image size-full is-resized\"><a href=\"http:\/\/balatonkeresztur.plebania.hu\/wp-content\/uploads\/2023\/01\/szemes2023.jpg\" target=\"_blank\" rel=\"noreferrer noopener\"><img loading=\"lazy\" decoding=\"async\" src=\"https:\/\/balatonkeresztur.plebania.hu\/wp-content\/uploads\/2023\/01\/szemes2023.jpg\" alt=\"\" class=\"wp-image-912\" width=\"479\" height=\"677\" srcset=\"https:\/\/balatonkeresztur.plebania.hu\/wp-content\/uploads\/2023\/01\/szemes2023.jpg 905w, https:\/\/balatonkeresztur.plebania.hu\/wp-content\/uploads\/2023\/01\/szemes2023-768x1086.jpg 768w\" sizes=\"auto, (max-width: 479px) 100vw, 479px\" \/><\/a><figcaption>a tal\u00e1lkoz\u00f3 plak\u00e1tja<\/figcaption><\/figure>\n","protected":false},"excerpt":{"rendered":"<p>K\u00e9t \u00e9v k\u00e9nyszersz\u00fcnet ut\u00e1n id\u00e9n \u00fajra megrendez\u00e9sre ker\u00fcl a Balatonszemesi Katolikus Tal\u00e1lkoz\u00f3, amelyre szeretettel h\u00edvunk minden kedves \u00e9rdekl\u0151d\u0151t.<\/p>\n","protected":false},"author":1,"featured_media":0,"comment_status":"closed","ping_status":"open","sticky":false,"template":"","format":"standard","meta":{"footnotes":""},"categories":[1],"tags":[],"class_list":["post-911","post","type-post","status-publish","format-standard","hentry","category-egyeb"],"_links":{"self":[{"href":"https:\/\/balatonkeresztur.plebania.hu\/index.php\/wp-json\/wp\/v2\/posts\/911","targetHints":{"allow":["GET"]}}],"collection":[{"href":"https:\/\/balatonkeresztur.plebania.hu\/index.php\/wp-json\/wp\/v2\/posts"}],"about":[{"href":"https:\/\/balatonkeresztur.plebania.hu\/index.php\/wp-json\/wp\/v2\/types\/post"}],"author":[{"embeddable":true,"href":"https:\/\/balatonkeresztur.plebania.hu\/index.php\/wp-json\/wp\/v2\/users\/1"}],"replies":[{"embeddable":true,"href":"https:\/\/balatonkeresztur.plebania.hu\/index.php\/wp-json\/wp\/v2\/comments?post=911"}],"version-history":[{"count":2,"href":"https:\/\/balatonkeresztur.plebania.hu\/index.php\/wp-json\/wp\/v2\/posts\/911\/revisions"}],"predecessor-version":[{"id":914,"href":"https:\/\/balatonkeresztur.plebania.hu\/index.php\/wp-json\/wp\/v2\/posts\/911\/revisions\/914"}],"wp:attachment":[{"href":"https:\/\/balatonkeresztur.plebania.hu\/index.php\/wp-json\/wp\/v2\/media?parent=911"}],"wp:term":[{"taxonomy":"category","embeddable":true,"href":"https:\/\/balatonkeresztur.plebania.hu\/index.php\/wp-json\/wp\/v2\/categories?post=911"},{"taxonomy":"post_tag","embeddable":true,"href":"https:\/\/balatonkeresztur.plebania.hu\/index.php\/wp-json\/wp\/v2\/tags?post=911"}],"curies":[{"name":"wp","href":"https:\/\/api.w.org\/{rel}","templated":true}]}}