{"id":908,"date":"2023-01-22T18:19:45","date_gmt":"2023-01-22T18:19:45","guid":{"rendered":"https:\/\/balatonkeresztur.plebania.hu\/?p=908"},"modified":"2023-02-01T12:10:46","modified_gmt":"2023-02-01T12:10:46","slug":"magyar-kultura-napjara","status":"publish","type":"post","link":"https:\/\/balatonkeresztur.plebania.hu\/index.php\/2023\/01\/22\/magyar-kultura-napjara\/","title":{"rendered":"Magyar kult\u00fara napj\u00e1ra"},"content":{"rendered":"\n<p>Parainesis K\u00f6lcsey K\u00e1lm\u00e1nhoz (r\u00e9szletek)<\/p>\n\n\n\n<!--more-->\n\n\n\n<p>Im\u00e1dd az Istens\u00e9get! Ez legels\u0151 rendszab\u00e1s, s \u00fagy hiszem, m\u00e9lt\u00e1n. Semmi sincs, ami az emberi sz\u00edvet annyira felemelhetn\u00e9, k\u00f6vetkez\u0151leg az \u00e9let mindennapi jeleneteiben s a szenved\u00e9lyek \u00e9s indulatok \u00f6r\u00f6k ostrom\u00e1ban hozz\u00e1ragadt szennyt\u0151l annyira megtiszt\u00edthatn\u00e1: mint az Istens\u00e9g nagy gondolat\u00e1val foglalatoskod\u00e1s. Ak\u00e1rmerre veted e tem\u00e9rdek mindens\u00e9gben tekinteteidet, mindenfel\u0151l egy v\u00e9getlen\u00fcl b\u00f6lcs, nagy \u00e9s j\u00f3, de egyszersmind megfoghatatlan l\u00e9ny jelens\u00e9gei sug\u00e1rzanak fel\u00e9d. A legmesszebb s legk\u00f6zelebb, legnagyobb \u00e9s legpar\u00e1nyibb alakban, egyenk\u00e9nt \u00e9s egyetemleg, lehetetlen c\u00e9lra siet\u00e9st \u00e9s c\u00e9lra jut\u00e1st, sz\u00e1rmazatban \u00e9s eny\u00e9szetben \u00f6r\u00f6k fenntart\u00e1si rendszert nem l\u00e1tnod. \u00c9s ezen egys\u00e9g a milliom k\u00fcl\u00f6nbf\u00e9les\u00e9gben; e szakadatlan l\u00e1nc a legnagyobbt\u00f3l a legkisebbig; ugyanazon anyagok oly v\u00e9getlen\u00fcl v\u00e1ltoz\u00f3, oly v\u00e9getlen\u00fcl sokf\u00e9lek\u00e9ppen alakul\u00f3 vegy\u00fclete, e tem\u00e9rdek hat\u00e1s \u00e9s visszahat\u00e1s k\u00f6zt fenn\u00e1ll\u00f3 egyetemi nyugalom; e k\u00e9pzeletet meghalad\u00f3 terjedts\u00e9g \u00e9s sz\u00e1m: oly tekintetek, mik az \u00e9rz\u0151 s gondolkod\u00f3 embert ellen\u00e1llhatatlanul magasb k\u00f6rbe vonj\u00e1k fel. \u2026fenntart\u00e1sod s t\u00f6k\u00e9letes\u00fcl\u00e9sed minden eszk\u00f6zeit egyed\u00fcl e hatalmi \u00e9s \u00e9rtelmi \u00f6sszehat\u00e1snak k\u00f6sz\u00f6nheted: akkor fog kebeledben fel\u00e9bredni a csud\u00e1lat, tisztelet \u00e9s h\u00e1la legm\u00e9lyebb \u00e9rzeteinek azon kimagyar\u00e1zhatatlan vegy\u00fclete, mit emberi nyelven im\u00e1d\u00e1snak mondanak. Ez az, ami az el\u0151tt\u00fcnk lebeg\u0151 idea v\u00e9getlens\u00e9g\u00e9t saj\u00e1t kicsinys\u00e9g\u00fcnk ellent\u00e9tel\u00e9ben t\u00e1masztja fel; \u00e9s m\u00e9gsem alacsony\u00edt le. Mert minden \u00e9rzem\u00e9ny, mely benn\u00fcnk szokatlan emelked\u00e9sre h\u00e1g, lelkeinknek fels\u0151bb er\u0151ket k\u00f6lcs\u00f6n\u00f6z; s nem s\u00fcllyed\u00e9sben \u00e9rezz\u00fck magunkat, hanem k\u00f6zeled\u00e9sben a nevezhetlenhez, ki fel\u00e9 kebleinknek oly fejthetetlen sejd\u00edt\u00e9sei vonzanak.<\/p>\n\n\n\n<p>Szeresd a haz\u00e1t! Boldog leszesz, ha a f\u00e9rfikor napjaiban e szavakat \u00fagy fogod \u00e9rthetni, \u00fagy fogod \u00e9rezhetni, mint kell. Hazaszeretet egyike a kebel tiszteletre legm\u00e9lt\u00f3bb szenvedelmeinek; de sok k\u00edv\u00e1ntatik, m\u00edg annak tiszta birtok\u00e1ba juthatunk.<\/p>\n\n\n\n<p>T\u00f6rekedj\u00e9l ismeretekre! De ismeretekre, melyek \u00edt\u00e9let s \u00edzl\u00e9s \u00e1ltal vez\u00e9reltetnek. Korunk sok ismeretet k\u00edv\u00e1n, s ez j\u00f3 oldalai k\u00f6z\u00e9 tartozik; de sok ismeret ut\u00e1n kapkod\u00e1s k\u00f6nnyen oda viszen, hogy c\u00edmmel \u00e9s sz\u00ednnel el\u00e9gedj\u00fcnk meg; s e hib\u00e1ra hajl\u00e1s a kor rossz oldalai k\u00f6zt tal\u00e1n legrosszabb. Mert alapos s egyszersmind sokoldal\u00fa tudom\u00e1nyt szerezni felette neh\u00e9z. Sok olvas\u00e1s, m\u00e9g t\u00f6bb gondolkoz\u00e1s, sok egybehasonl\u00edt\u00e1s, m\u00e9g t\u00f6bb gyakorl\u00e1s, s fogyhatlan b\u00e9ket\u0171r\u00e9s \u00e9s \u00e1lland\u00f3s\u00e1g az, ami itt megk\u00edv\u00e1ntatik.<\/p>\n\n\n\n<p>Meleg szeretettel f\u00fcggj a hon nyelv\u00e9n! \u2013 mert haza, nemzet \u00e9s nyelv, h\u00e1rom egym\u00e1st\u00f3l v\u00e1lhatatlan dolog; s ki ez utols\u00f3\u00e9rt nem buzog, a k\u00e9t els\u0151\u00e9rt \u00e1ldozatokra<\/p>\n\n\n\n<p>k\u00e9sz lenni nehezen fog. Tiszteld s tanuld m\u00e1s m\u00edvelt n\u00e9pek nyelv\u00e9t is, de soha ne feledd, mik\u00e9ppen idegen nyelveket tudni sz\u00e9p, a hazait pedig tehets\u00e9gig m\u00edvelni k\u00f6teless\u00e9g.<\/p>\n\n\n\n<p>A b\u00f6lcsess\u00e9g legnagyobb mestere az \u00e9let; azonban gyakran felkeresd a r\u00e9g elhunytakat is, kik tanul\u00e1sok, vizsg\u00e1latok s tapasztal\u00e1sok \u00e1ltal gy\u0171jt\u00f6tt kincseiket a marad\u00e9k sz\u00e1m\u00e1ra k\u00f6nyveikbe letett\u00e9k. De jusson eszedbe: a k\u00f6nyvek sz\u00e1ma v\u00e9getlen, a te \u00e9veid pedig v\u00e9gesek. Mint az \u00fcresbesz\u00e9d\u0171 t\u00e1rsalkod\u00f3t: \u00fagy ker\u00fcld a tartalmatlan k\u00f6nyvet. S\u0151t ne k\u00f6nnyen v\u00e9gy kezedbe oly m\u0171vet, mely a zseni l\u00e1ngjegy\u00e9t homlok\u00e1n nem hordja; a nagy \u00edr\u00f3 m\u0171v\u00e9t pedig m\u00e9ly figyelemmel tanuld kereszt\u00fcl.<\/p>\n\n\n\n<p>Mind\u00e9g \u00e9s minden\u00fctt vagynak, b\u00e1r kevesen, kik a j\u00f3t \u00e9s sz\u00e9pet szeretni s az arra t\u00f6rekv\u0151 tetteit m\u00e9lt\u00e1nylani tudj\u00e1k. E kevesekhez csatold magadat, s menn\u00e9l szorosabban. Egyes\u00fclt erej\u00f6k c\u00e9lra jut\u00e1sod k\u00f6nny\u00edtni, r\u00e9szv\u00e9tel\u00f6k buk\u00e1sodat vigasztalni fogja. A sokas\u00e1g\u00e9rt h\u00edven munk\u00e1lj, de \u00edt\u00e9let\u00e9vel ne t\u00f6r\u0151dj\u00e9l. Ha k\u00fczd\u00e9seidet szerencse koron\u00e1zandja, \u00fagyis melletted leszen az.<\/p>\n\n\n\n<p>H\u00edrt \u00e9s dics\u0151s\u00e9get vad\u00e1szni hi\u00fas\u00e1g. A val\u00f3 nagys\u00e1gnak \u00e9ppen \u00fagy k\u00f6vetkez\u00e9se a dics\u0151s\u00e9g: mint j\u00e1mbor \u00e9letnek a becs\u00fclet; kereset n\u00e9lk\u00fcl j\u00f6n mindegyik.<\/p>\n\n\n\n<p>Az emberis\u00e9g sorsnak enged; de nem mint rabszolga. Mindenkinek lehet szabad akaratra felemelkedni. F\u00f6ldb\u0151l egy\u00e9b nem j\u00f6het ki, mint amit a term\u00e9szet bel\u00e9 alkotott. Kebledben \u00e9s fejedben ezerf\u00e9le er\u0151 szendereg, mit felk\u00f6lteni, s kifejteni \u00e9s alak\u00edtani tenni dolgod. Ugyanazon szem\u00e9ly teheti mag\u00e1t j\u00f3v\u00e1 vagy gonossz\u00e1, b\u00f6lccs\u00e9 vagy esztelenn\u00e9, indulat \u00e9s k\u00f6r\u00fclm\u00e9ny rabj\u00e1v\u00e1 vagy ur\u00e1v\u00e1; s ez az, ami az emberben szabadakaratnak mondatik. Isten teremtett, s azt ember nem teheti; de a teremt\u00e9s \u00e1ltal letett anyagnak alakot adni, vagy azt alakr\u00f3l alakra v\u00e1ltoztatni mag\u00e1ban \u00e9s mag\u00e1n k\u00edv\u00fcl: ez az emberis\u00e9g hatalmi \u00e9s szabads\u00e1gi nagy k\u00f6re.<\/p>\n\n\n\n<p>K\u00f6zre \u00e9lj: ezt mond\u00e1m el\u0151bb is; de a mag\u00e1nyoss\u00e1got becs\u00fclni s haszn\u00e1lni tanuld. Sok ismeret, sok \u00e9rz\u00e9s csak \u00fagy ver gy\u00f6keret sz\u00edv\u00fcnkben, ha azt egyed\u00fcl l\u00e9v\u00e9n, hossz\u00fa h\u00e1bor\u00edtatlan gondolkoz\u00e1s \u00e1ltal tett\u00fck magunk\u00e9v\u00e1. Az \u00e9let \u00e9s munkazajban \u00e9rzelem \u00e9rzelemre, gondolat gondolatra tolul; most j\u00f6n, majd r\u00f6p\u00fcl; csak a mag\u00e1nyoss\u00e1gban van id\u0151nk s nyugalmunk minden egyes \u00e9rz\u00e9st, minden egyes gondolatot feltart\u00f3ztatni, s a t\u00f6bbiek sor\u00e1hoz \u00e1lland\u00f3lag f\u0171zni.<\/p>\n","protected":false},"excerpt":{"rendered":"<p>Parainesis K\u00f6lcsey K\u00e1lm\u00e1nhoz (r\u00e9szletek)<\/p>\n","protected":false},"author":1,"featured_media":0,"comment_status":"closed","ping_status":"open","sticky":false,"template":"","format":"standard","meta":{"footnotes":""},"categories":[1],"tags":[],"class_list":["post-908","post","type-post","status-publish","format-standard","hentry","category-egyeb"],"_links":{"self":[{"href":"https:\/\/balatonkeresztur.plebania.hu\/index.php\/wp-json\/wp\/v2\/posts\/908","targetHints":{"allow":["GET"]}}],"collection":[{"href":"https:\/\/balatonkeresztur.plebania.hu\/index.php\/wp-json\/wp\/v2\/posts"}],"about":[{"href":"https:\/\/balatonkeresztur.plebania.hu\/index.php\/wp-json\/wp\/v2\/types\/post"}],"author":[{"embeddable":true,"href":"https:\/\/balatonkeresztur.plebania.hu\/index.php\/wp-json\/wp\/v2\/users\/1"}],"replies":[{"embeddable":true,"href":"https:\/\/balatonkeresztur.plebania.hu\/index.php\/wp-json\/wp\/v2\/comments?post=908"}],"version-history":[{"count":2,"href":"https:\/\/balatonkeresztur.plebania.hu\/index.php\/wp-json\/wp\/v2\/posts\/908\/revisions"}],"predecessor-version":[{"id":915,"href":"https:\/\/balatonkeresztur.plebania.hu\/index.php\/wp-json\/wp\/v2\/posts\/908\/revisions\/915"}],"wp:attachment":[{"href":"https:\/\/balatonkeresztur.plebania.hu\/index.php\/wp-json\/wp\/v2\/media?parent=908"}],"wp:term":[{"taxonomy":"category","embeddable":true,"href":"https:\/\/balatonkeresztur.plebania.hu\/index.php\/wp-json\/wp\/v2\/categories?post=908"},{"taxonomy":"post_tag","embeddable":true,"href":"https:\/\/balatonkeresztur.plebania.hu\/index.php\/wp-json\/wp\/v2\/tags?post=908"}],"curies":[{"name":"wp","href":"https:\/\/api.w.org\/{rel}","templated":true}]}}