{"id":903,"date":"2023-01-22T06:58:23","date_gmt":"2023-01-22T06:58:23","guid":{"rendered":"https:\/\/balatonkeresztur.plebania.hu\/?p=903"},"modified":"2023-01-22T07:11:01","modified_gmt":"2023-01-22T07:11:01","slug":"ma-betegseg-miatt-elmarad-a-szentmise","status":"publish","type":"post","link":"https:\/\/balatonkeresztur.plebania.hu\/index.php\/2023\/01\/22\/ma-betegseg-miatt-elmarad-a-szentmise\/","title":{"rendered":"Ma betegs\u00e9g miatt elmarad a szentmise!"},"content":{"rendered":"\n<p>Mivel ma reggelre megbetegedtem, a balatonkereszt\u00fari szentmise elmarad! B.M\u00e1ri\u00e1n este 5 \u00f3rakor helyettes\u00edt\u0151 atya meg fogja tartani a szentmis\u00e9t.<\/p>\n\n\n\n<p>Szentmis\u00e9k a k\u00f6zelben:<\/p>\n\n\n\n<p>K\u00e9thely: 9.30<\/p>\n\n\n\n<p>Balatonfenyves-als\u00f3: 9.30<\/p>\n\n\n\n<p>Balatonfenyves: 11.00<\/p>\n\n\n\n<p>Fony\u00f3d (pl\u00e9b\u00e1niatemplom): 11.00<\/p>\n","protected":false},"excerpt":{"rendered":"<p>Mivel ma reggelre megbetegedtem, a balatonkereszt\u00fari szentmise elmarad! B.M\u00e1ri\u00e1n este 5 \u00f3rakor helyettes\u00edt\u0151 atya meg fogja tartani a szentmis\u00e9t. Szentmis\u00e9k a k\u00f6zelben: K\u00e9thely: 9.30 Balatonfenyves-als\u00f3: 9.30 Balatonfenyves: 11.00 Fony\u00f3d (pl\u00e9b\u00e1niatemplom): 11.00<\/p>\n","protected":false},"author":1,"featured_media":0,"comment_status":"closed","ping_status":"open","sticky":false,"template":"","format":"standard","meta":{"footnotes":""},"categories":[1],"tags":[],"class_list":["post-903","post","type-post","status-publish","format-standard","hentry","category-egyeb"],"_links":{"self":[{"href":"https:\/\/balatonkeresztur.plebania.hu\/index.php\/wp-json\/wp\/v2\/posts\/903","targetHints":{"allow":["GET"]}}],"collection":[{"href":"https:\/\/balatonkeresztur.plebania.hu\/index.php\/wp-json\/wp\/v2\/posts"}],"about":[{"href":"https:\/\/balatonkeresztur.plebania.hu\/index.php\/wp-json\/wp\/v2\/types\/post"}],"author":[{"embeddable":true,"href":"https:\/\/balatonkeresztur.plebania.hu\/index.php\/wp-json\/wp\/v2\/users\/1"}],"replies":[{"embeddable":true,"href":"https:\/\/balatonkeresztur.plebania.hu\/index.php\/wp-json\/wp\/v2\/comments?post=903"}],"version-history":[{"count":4,"href":"https:\/\/balatonkeresztur.plebania.hu\/index.php\/wp-json\/wp\/v2\/posts\/903\/revisions"}],"predecessor-version":[{"id":907,"href":"https:\/\/balatonkeresztur.plebania.hu\/index.php\/wp-json\/wp\/v2\/posts\/903\/revisions\/907"}],"wp:attachment":[{"href":"https:\/\/balatonkeresztur.plebania.hu\/index.php\/wp-json\/wp\/v2\/media?parent=903"}],"wp:term":[{"taxonomy":"category","embeddable":true,"href":"https:\/\/balatonkeresztur.plebania.hu\/index.php\/wp-json\/wp\/v2\/categories?post=903"},{"taxonomy":"post_tag","embeddable":true,"href":"https:\/\/balatonkeresztur.plebania.hu\/index.php\/wp-json\/wp\/v2\/tags?post=903"}],"curies":[{"name":"wp","href":"https:\/\/api.w.org\/{rel}","templated":true}]}}