{"id":901,"date":"2023-01-21T07:27:21","date_gmt":"2023-01-21T07:27:21","guid":{"rendered":"https:\/\/balatonkeresztur.plebania.hu\/?p=901"},"modified":"2023-01-21T07:27:21","modified_gmt":"2023-01-21T07:27:21","slug":"a-templom-ahol-otthon-vagyok-rajzpalyazatot-hirdet-a-kaposvari-egyhazmegye","status":"publish","type":"post","link":"https:\/\/balatonkeresztur.plebania.hu\/index.php\/2023\/01\/21\/a-templom-ahol-otthon-vagyok-rajzpalyazatot-hirdet-a-kaposvari-egyhazmegye\/","title":{"rendered":"\u201eA templom, ahol otthon vagyok\u201d \u2013 rajzp\u00e1ly\u00e1zatot hirdet a Kaposv\u00e1ri Egyh\u00e1zmegye"},"content":{"rendered":"\n<p>A Kaposv\u00e1ri Egyh\u00e1zmegye\u00a0<strong>\u201eA templom, ahol otthon vagyok\u201d<\/strong>\u00a0c\u00edmmel rajzp\u00e1ly\u00e1zatot hirdet az egyh\u00e1zmegye ter\u00fclet\u00e9n \u00e9l\u0151 hittanos\u00a0gyerekek, fiatalok, feln\u0151ttek sz\u00e1m\u00e1ra\u00a0als\u00f3 tagozatos,\u00a0fels\u0151 tagozatos,\u00a0k\u00f6z\u00e9piskol\u00e1s \u00e9s\u00a0feln\u0151tt\u00a0koroszt\u00e1lyokban. A p\u00e1lyamunk\u00e1kat m\u00e1rcius 31-ig v\u00e1rjuk a bejegyz\u00e9sben olvashat\u00f3 m\u00f3don.<\/p>\n\n\n\n<!--more-->\n\n\n\n<p><strong>A p\u00e1ly\u00e1zat c\u00e9lja:<\/strong><\/p>\n\n\n\n<p>A Kaposv\u00e1ri Egyh\u00e1zmegye 30 \u00e9ves fenn\u00e1ll\u00e1s\u00e1nak m\u00e9lt\u00f3 meg\u00fcnnepl\u00e9s\u00e9hez, \u201eA templom, ahol otthon vagyok\u201d c\u00edmmel m\u0171v\u00e9szeti alkot\u00f3p\u00e1ly\u00e1zatra h\u00edvjuk az egyh\u00e1zmegye ter\u00fclet\u00e9n \u00e9l\u0151 hittanos gyerekeket \u00e9s fiatalokat, valamint a t\u00e9ma ir\u00e1nt \u00e9rdekl\u0151d\u0151 feln\u0151tteket. A t\u00e9ma maga a mott\u00f3, \u00edgy a p\u00e1lyamunk\u00e1val szembeni fontos k\u00f6vetelm\u00e9ny: jelenjen meg benne az alkot\u00f3 saj\u00e1t templom\u00e1hoz val\u00f3 k\u00f6t\u0151d\u00e9se!<\/p>\n\n\n\n<p>Jelentkezni lehet Suszter Mikl\u00f3s hitoktat\u00f3n\u00e1l!<\/p>\n\n\n\n<p>forr\u00e1s \u00e9s b\u0151vebben: <a href=\"https:\/\/kaposvar.egyhazmegye.hu\/index.php\/hirek\/item\/1099-a-templom-ahol-otthon-vagyok-rajzpalyazatot-hirdet-a-kaposvari-egyhazmegye\" target=\"_blank\" rel=\"noreferrer noopener\">Kaposv\u00e1ri Egyh\u00e1zmegye<\/a><\/p>\n","protected":false},"excerpt":{"rendered":"<p>A Kaposv\u00e1ri Egyh\u00e1zmegye\u00a0\u201eA templom, ahol otthon vagyok\u201d\u00a0c\u00edmmel rajzp\u00e1ly\u00e1zatot hirdet az egyh\u00e1zmegye ter\u00fclet\u00e9n \u00e9l\u0151 hittanos\u00a0gyerekek, fiatalok, feln\u0151ttek sz\u00e1m\u00e1ra\u00a0als\u00f3 tagozatos,\u00a0fels\u0151 tagozatos,\u00a0k\u00f6z\u00e9piskol\u00e1s \u00e9s\u00a0feln\u0151tt\u00a0koroszt\u00e1lyokban. A p\u00e1lyamunk\u00e1kat m\u00e1rcius 31-ig v\u00e1rjuk a bejegyz\u00e9sben olvashat\u00f3 m\u00f3don.<\/p>\n","protected":false},"author":1,"featured_media":0,"comment_status":"closed","ping_status":"open","sticky":false,"template":"","format":"standard","meta":{"footnotes":""},"categories":[1],"tags":[],"class_list":["post-901","post","type-post","status-publish","format-standard","hentry","category-egyeb"],"_links":{"self":[{"href":"https:\/\/balatonkeresztur.plebania.hu\/index.php\/wp-json\/wp\/v2\/posts\/901","targetHints":{"allow":["GET"]}}],"collection":[{"href":"https:\/\/balatonkeresztur.plebania.hu\/index.php\/wp-json\/wp\/v2\/posts"}],"about":[{"href":"https:\/\/balatonkeresztur.plebania.hu\/index.php\/wp-json\/wp\/v2\/types\/post"}],"author":[{"embeddable":true,"href":"https:\/\/balatonkeresztur.plebania.hu\/index.php\/wp-json\/wp\/v2\/users\/1"}],"replies":[{"embeddable":true,"href":"https:\/\/balatonkeresztur.plebania.hu\/index.php\/wp-json\/wp\/v2\/comments?post=901"}],"version-history":[{"count":1,"href":"https:\/\/balatonkeresztur.plebania.hu\/index.php\/wp-json\/wp\/v2\/posts\/901\/revisions"}],"predecessor-version":[{"id":902,"href":"https:\/\/balatonkeresztur.plebania.hu\/index.php\/wp-json\/wp\/v2\/posts\/901\/revisions\/902"}],"wp:attachment":[{"href":"https:\/\/balatonkeresztur.plebania.hu\/index.php\/wp-json\/wp\/v2\/media?parent=901"}],"wp:term":[{"taxonomy":"category","embeddable":true,"href":"https:\/\/balatonkeresztur.plebania.hu\/index.php\/wp-json\/wp\/v2\/categories?post=901"},{"taxonomy":"post_tag","embeddable":true,"href":"https:\/\/balatonkeresztur.plebania.hu\/index.php\/wp-json\/wp\/v2\/tags?post=901"}],"curies":[{"name":"wp","href":"https:\/\/api.w.org\/{rel}","templated":true}]}}