{"id":896,"date":"2022-12-31T21:13:55","date_gmt":"2022-12-31T21:13:55","guid":{"rendered":"https:\/\/balatonkeresztur.plebania.hu\/?p=896"},"modified":"2022-12-31T21:13:55","modified_gmt":"2022-12-31T21:13:55","slug":"elhunyt-xvi-benedek-emeritus-papa","status":"publish","type":"post","link":"https:\/\/balatonkeresztur.plebania.hu\/index.php\/2022\/12\/31\/elhunyt-xvi-benedek-emeritus-papa\/","title":{"rendered":"Elhunyt XVI. Benedek emeritus p\u00e1pa"},"content":{"rendered":"\n<p>A Magyar Katolikus P\u00fcsp\u00f6ki Konferencia tagjai megillet\u0151d\u00f6tt sz\u00edvvel \u00e9rtes\u00fcltek arr\u00f3l, hogy XVI. Benedek emeritus p\u00e1pa 2022. december 31-\u00e9n, 9 \u00f3ra 34 perckor a Mater Ecclesiae Monostorban, a Vatik\u00e1nban f\u00f6ldi \u00fatj\u00e1t befejezte, \u00e9s hazat\u00e9rt a Mennyei Atya H\u00e1z\u00e1ba.<\/p>\n\n\n\n<!--more-->\n\n\n\n<p>XVI. Benedek emeritus p\u00e1pa temet\u00e9s\u00e9re janu\u00e1r 5-\u00e9n ker\u00fcl sor 9.30 \u00f3rai kezdettel a vatik\u00e1ni Szent P\u00e9ter-bazilik\u00e1ban. A gy\u00e1szszertart\u00e1st Ferenc p\u00e1pa vezeti. A szertart\u00e1son r\u00e9szt vesz Erd\u0151 P\u00e9ter b\u00edboros, pr\u00edm\u00e1s, esztergom-budapesti \u00e9rsek, Veres Andr\u00e1s a Magyar Katolikus P\u00fcsp\u00f6ki Konferencia eln\u00f6ke \u00e9s T\u00f3th Tam\u00e1s a Magyar Katolikus P\u00fcsp\u00f6ki Konferencia titk\u00e1ra is.<\/p>\n\n\n\n<p>Budapesten gy\u00e1szmis\u00e9t mutat be Erd\u0151 P\u00e9ter b\u00edboros, pr\u00edm\u00e1s, esztergom-budapesti \u00e9rsek janu\u00e1r 9-\u00e9n 18.00 \u00f3rakor a Szent Istv\u00e1n-bazilik\u00e1ban. A szentmis\u00e9n r\u00e9szt vesz Veres Andr\u00e1s p\u00fcsp\u00f6k, a Magyar Katolikus P\u00fcsp\u00f6ki Konferencia eln\u00f6ke. Mindenkit h\u00edvunk \u00e9s v\u00e1runk, hogy egy\u00fctt adjunk h\u00e1l\u00e1t XVI. Benedek p\u00e1pa \u00e9let\u00e9\u00e9rt.<\/p>\n\n\n\n<figure class=\"wp-block-image\"><a href=\"https:\/\/katolikus.hu\/media\/img1.jpg\"><img decoding=\"async\" src=\"https:\/\/katolikus.hu\/media\/img1.jpg?size=f\" alt=\"\"\/><\/a><\/figure>\n\n\n\n<p><br>A Gondvisel\u0151 Isten ir\u00e1nt \u00e9rzett, h\u00e1latelt sz\u00edvvel gondolunk szem\u00e9ly\u00e9re. Joseph Ratzinger, majd XVI. Benedek eg\u00e9sz \u00e9lete tan\u00fas\u00e1gt\u00e9tel volt mindannyiunk sz\u00e1m\u00e1ra rend\u00edthetetlen, szem\u00e9lyes hit\u00e9r\u0151l; tud\u00e1sa \u00e9s b\u00f6lcsess\u00e9ge eg\u00e9sz nemzed\u00e9keknek mutatott ir\u00e1nyt.<br>Ferenc p\u00e1p\u00e1hoz csatlakozva k\u00e9r\u00fcnk minden j\u00f3sz\u00e1nd\u00e9k\u00fa embert, hogy im\u00e1iban eml\u00e9kezzen meg az emeritus p\u00e1p\u00e1r\u00f3l, tov\u00e1bb\u00e1 buzd\u00edtunk minden testv\u00e9r\u00fcnket, im\u00e1dkozzon Szentaty\u00e1nk\u00e9rt \u00e9s az eg\u00e9sz Egyh\u00e1z\u00e9rt.<\/p>\n\n\n\n<p><strong>XVI. Benedek p\u00e1pa \u00e9letrajza<\/strong><\/p>\n\n\n\n<p>Joseph Ratzinger 1927. \u00e1prilis 16-\u00e1n sz\u00fcletett a n\u00e9metorsz\u00e1gi Marktl am Inn-ben, a Passaui Egyh\u00e1zmegye ter\u00fclet\u00e9n. \u00c9desapja a csend\u0151rs\u00e9g tisztje volt, r\u00e9gi bajor f\u00f6ldm\u0171ves csal\u00e1db\u00f3l sz\u00e1rmazott.<br>Fiatals\u00e1g\u00e1nak \u00e9veit Traunsteinben t\u00f6lt\u00f6tte. A II. vil\u00e1gh\u00e1bor\u00fa legutols\u00f3 szakasz\u00e1ban a l\u00e9gv\u00e9delmi egys\u00e9gekhez h\u00edvt\u00e1k be kiseg\u00edt\u0151nek.<br>1946-t\u00f3l 1951-ig filoz\u00f3fi\u00e1t \u00e9s teol\u00f3gi\u00e1t tanult a M\u00fcncheni Egyetemen \u00e9s a Freisingi Filoz\u00f3fiai \u00e9s Teol\u00f3giai F\u0151iskol\u00e1n. 1951. j\u00fanius 29-\u00e9n szentelt\u00e9k papp\u00e1 \u00e9s ezut\u00e1n nem sokkal megkezdte tan\u00e1ri tev\u00e9kenys\u00e9g\u00e9t.<br>1951-ben M\u00fcnchen-Moosachban volt kiseg\u00edt\u0151 lelkip\u00e1sztor, majd 1951-52-ben M\u00fcnchen-Bogenhausenben k\u00e1pl\u00e1n. 1952-t\u0151l 1954-ig a Freisingi Szemin\u00e1riumban volt tan\u00e1r.<br>1954-t\u0151l 1957-ig a Freisingi Filoz\u00f3fiai \u00e9s Teol\u00f3giai F\u0151iskol\u00e1n a dogmatikus \u00e9s a fundament\u00e1lis teol\u00f3gia docense, majd ugyanitt 1958-59-ben rendk\u00edv\u00fcli egyetemi tan\u00e1r. 1959-t\u0151l 1963-ig a fundament\u00e1lis teol\u00f3gia egyetemi tan\u00e1ra Bonnban. 1962 \u00e9s 1965 k\u00f6z\u00f6tt a II Vatik\u00e1ni Zsinat teol\u00f3giai szak\u00e9rt\u0151jek\u00e9nt, peritusak\u00e9nt tev\u00e9kenykedett. 1963 \u00e9s 1966 k\u00f6z\u00f6tt a dogmatika \u00e9s a dogmat\u00f6rt\u00e9net professzora a M\u00fcnsteri Egyetemen, majd ugyanezeket a t\u00e1rgyakat tan\u00edtotta 1966-t\u00f3l 1969-ig a T\u00fcbingeni Egyetemen \u00e9s 1969-t\u0151l 1977-ig a Regensburgi Egyetemen, ahol 1976-77-ben az egyetem rektorhelyettese volt.<br>VI. P\u00e1l p\u00e1pa 1977. m\u00e1rcius 25-\u00e9n m\u00fcnchen-freisingi \u00e9rsekk\u00e9 \u00e9s ugyanezen \u00e9v j\u00fanius 27-\u00e9n b\u00edboross\u00e1 nevezte ki. 1981. november 25-\u00e9n az az\u00f3ta szentt\u00e9 avatott II. J\u00e1nos P\u00e1l p\u00e1pa a Hittani Kongreg\u00e1ci\u00f3 prefektus\u00e1v\u00e1 nevezte ki. Ezzel egyidej\u0171leg a Nemzetk\u00f6zi Teol\u00f3giai Tan\u00e1cs \u00e9s a P\u00e1pai Biblikus Tan\u00e1cs eln\u00f6ke is lett.<br>1986 \u00e9s 1992 k\u00f6z\u00f6tt a Katolikus Egyh\u00e1z Katekizmus\u00e1t \u00f6ssze\u00e1ll\u00edt\u00f3 p\u00e1pai bizotts\u00e1g eln\u00f6ki teend\u0151it is ell\u00e1tta.<br>1998. m\u00e1jus 21-\u00e9n a budapesti Szent Istv\u00e1n T\u00e1rsulat Stephanus-d\u00edjjal t\u00fcntette ki.<br>2002-ben v\u00e1lasztott\u00e1k meg a b\u00edborosi koll\u00e9gium d\u00e9k\u00e1nj\u00e1v\u00e1.<br>2005. \u00e1prilis 19-\u00e9n a b\u00edborosi konkl\u00e1v\u00e9 Szent II. J\u00e1nos P\u00e1l p\u00e1pa ut\u00f3dj\u00e1ul Joseph Ratzingert v\u00e1lasztotta meg, aki XVI. Benedek n\u00e9ven kezdte meg szolg\u00e1lat\u00e1t. P\u00e1pai jelmondata: \u201eCooperatores veritatis\u201d, azaz \u201eAz igazs\u00e1g munkat\u00e1rsai\u201d (3Jn 1,8). \u0150 a nyolcadik n\u00e9met p\u00e1pa \u00e9s a 265. a r\u00f3mai katolikus egyh\u00e1zf\u0151k sor\u00e1ban.<br>P\u00e1pai hivatala sor\u00e1n megjelent h\u00e1rom enciklik\u00e1ja: Deus Caritas est (2005), Spe salvi (2007), Caritas in veritate (2009), k\u00f6zel \u00f6tven apostoli konstit\u00faci\u00f3ja, n\u00e9gy apostoli buzd\u00edt\u00e1sa \u00e9s sz\u00e1mos egy\u00e9b \u00edr\u00e1sa, k\u00f6z\u00fcl\u00fck kiemelend\u0151 a N\u00e1z\u00e1reti J\u00e9zusr\u00f3l sz\u00f3l\u00f3 tril\u00f3gia. Teol\u00f3giai k\u00f6teteinek, tanulm\u00e1nyainak \u00e9ppoly terjedelmes a list\u00e1ja, mint k\u00fcl\u00f6nb\u00f6z\u0151 egyetemekt\u0151l kapott elismer\u00e9seinek, d\u00edszdoktori kit\u00fcntet\u00e9seinek sora. Nem hivatali tekint\u00e9lye, hanem szem\u00e9lyes tekint\u00e9lye \u00e9s vil\u00e1gos el\u0151ad\u00e1sm\u00f3dja tette, hogy el\u0151ad\u00e1sai zs\u00fafolt el\u0151ad\u00f3termek el\u0151tt hangzottak el, k\u00f6nyvei pedig nagy p\u00e9ld\u00e1nysz\u00e1mban \u00e9rdekelt\u00e9k az embereket. Magyar nyelven k\u00f6zel negyven munk\u00e1ja jelent meg.<br>2013. febru\u00e1r 10-\u00e9n kelt nyilatkozat\u00e1ban kor\u00e1ra \u00e9s fogyatkoz\u00f3 erej\u00e9re hivatkozva le k\u00edv\u00e1nt mondani a p\u00e1pai hivatalr\u00f3l. Sz\u00e1nd\u00e9k\u00e1t a k\u00f6vetkez\u0151 nap jelentette be, \u00e9s az febru\u00e1r 28-\u00e1n l\u00e9pett hat\u00e1lyba.<\/p>\n\n\n\n<p><br>Budapest, 2022. december 31.<br><br>A Magyar Katolikus P\u00fcsp\u00f6ki Konferencia \u00c1lland\u00f3 Tan\u00e1csa<\/p>\n\n\n\n<p>Fot\u00f3: Magyar Kur\u00edr\/Vatican News<\/p>\n\n\n\n<p>forr\u00e1s: <a href=\"https:\/\/katolikus.hu\/cikk\/elhunyt-xvi-benedek-emeritus-papa\" target=\"_blank\" rel=\"noreferrer noopener\">Magyar Katolikus Egyh\u00e1z<\/a><\/p>\n","protected":false},"excerpt":{"rendered":"<p>A Magyar Katolikus P\u00fcsp\u00f6ki Konferencia tagjai megillet\u0151d\u00f6tt sz\u00edvvel \u00e9rtes\u00fcltek arr\u00f3l, hogy XVI. Benedek emeritus p\u00e1pa 2022. december 31-\u00e9n, 9 \u00f3ra 34 perckor a Mater Ecclesiae Monostorban, a Vatik\u00e1nban f\u00f6ldi \u00fatj\u00e1t befejezte, \u00e9s hazat\u00e9rt a Mennyei Atya H\u00e1z\u00e1ba.<\/p>\n","protected":false},"author":1,"featured_media":0,"comment_status":"closed","ping_status":"open","sticky":false,"template":"","format":"standard","meta":{"footnotes":""},"categories":[1],"tags":[],"class_list":["post-896","post","type-post","status-publish","format-standard","hentry","category-egyeb"],"_links":{"self":[{"href":"https:\/\/balatonkeresztur.plebania.hu\/index.php\/wp-json\/wp\/v2\/posts\/896","targetHints":{"allow":["GET"]}}],"collection":[{"href":"https:\/\/balatonkeresztur.plebania.hu\/index.php\/wp-json\/wp\/v2\/posts"}],"about":[{"href":"https:\/\/balatonkeresztur.plebania.hu\/index.php\/wp-json\/wp\/v2\/types\/post"}],"author":[{"embeddable":true,"href":"https:\/\/balatonkeresztur.plebania.hu\/index.php\/wp-json\/wp\/v2\/users\/1"}],"replies":[{"embeddable":true,"href":"https:\/\/balatonkeresztur.plebania.hu\/index.php\/wp-json\/wp\/v2\/comments?post=896"}],"version-history":[{"count":1,"href":"https:\/\/balatonkeresztur.plebania.hu\/index.php\/wp-json\/wp\/v2\/posts\/896\/revisions"}],"predecessor-version":[{"id":897,"href":"https:\/\/balatonkeresztur.plebania.hu\/index.php\/wp-json\/wp\/v2\/posts\/896\/revisions\/897"}],"wp:attachment":[{"href":"https:\/\/balatonkeresztur.plebania.hu\/index.php\/wp-json\/wp\/v2\/media?parent=896"}],"wp:term":[{"taxonomy":"category","embeddable":true,"href":"https:\/\/balatonkeresztur.plebania.hu\/index.php\/wp-json\/wp\/v2\/categories?post=896"},{"taxonomy":"post_tag","embeddable":true,"href":"https:\/\/balatonkeresztur.plebania.hu\/index.php\/wp-json\/wp\/v2\/tags?post=896"}],"curies":[{"name":"wp","href":"https:\/\/api.w.org\/{rel}","templated":true}]}}