{"id":88,"date":"2019-08-18T14:42:31","date_gmt":"2019-08-18T14:42:31","guid":{"rendered":"http:\/\/balatonkeresztur.plebania.hu\/?p=88"},"modified":"2019-08-19T05:38:31","modified_gmt":"2019-08-19T05:38:31","slug":"miserend-valtozas","status":"publish","type":"post","link":"https:\/\/balatonkeresztur.plebania.hu\/index.php\/2019\/08\/18\/miserend-valtozas\/","title":{"rendered":"Miserend v\u00e1ltoz\u00e1s"},"content":{"rendered":"<p>A ny\u00e1ri balatoni szezon v\u00e9g\u00e9vel n\u00e9mileg v\u00e1ltozott a miserend&#8230;<!--more--><\/p>\n<p><strong>A vas\u00e1rnapi szentmis\u00e9k a k\u00f6vetkez\u0151 id\u0151pontban kezd\u0151dnek:<\/strong><\/p>\n<p><strong>Balatonfenyvesen<\/strong> a Szent Erzs\u00e9bet templomban <strong>8<\/strong> \u00f3rakor,<\/p>\n<p><strong>Balatonfenyves-als\u00f3n<\/strong> a Sz\u0171z M\u00e1ria Szent Sz\u00edve templomban<strong>\u00a09<sup>15<\/sup><\/strong> \u00f3rakor,<\/p>\n<p><strong>Balatonkereszt\u00faron<\/strong> a Szent Kereszt Felmagasztal\u00e1sa templomban <strong>11<\/strong> \u00f3rakor,<\/p>\n<p><strong>Balatonm\u00e1riaf\u00fcrd\u0151n<\/strong> a Nagyboldogasszony k\u00e1poln\u00e1n\u00e1l <strong>18<\/strong> \u00f3rakor<\/p>\n<p>kezd\u0151dnek a szentmis\u00e9k.<\/p>\n<p>A h\u00e9tk\u00f6znapi szentmis\u00e9k rendje \u00edgy alakul:<\/p>\n<p>kedd Balatonkereszt\u00far,<\/p>\n<p>szerda Balatonm\u00e1riaf\u00fcrd\u0151,<\/p>\n<p>cs\u00fct\u00f6rt\u00f6k Balatonfenyves-als\u00f3,<\/p>\n<p>p\u00e9ntek Balatonfenyves.<\/p>\n<p><strong>H\u00e9tk\u00f6znap mindegyik szentmise 18 \u00f3rakor kezd\u0151dik!<\/strong><\/p>\n","protected":false},"excerpt":{"rendered":"<p>A ny\u00e1ri balatoni szezon v\u00e9g\u00e9vel n\u00e9mileg v\u00e1ltozott a miserend&#8230;<\/p>\n","protected":false},"author":1,"featured_media":0,"comment_status":"closed","ping_status":"closed","sticky":false,"template":"","format":"standard","meta":{"footnotes":""},"categories":[1],"tags":[],"class_list":["post-88","post","type-post","status-publish","format-standard","hentry","category-egyeb"],"_links":{"self":[{"href":"https:\/\/balatonkeresztur.plebania.hu\/index.php\/wp-json\/wp\/v2\/posts\/88","targetHints":{"allow":["GET"]}}],"collection":[{"href":"https:\/\/balatonkeresztur.plebania.hu\/index.php\/wp-json\/wp\/v2\/posts"}],"about":[{"href":"https:\/\/balatonkeresztur.plebania.hu\/index.php\/wp-json\/wp\/v2\/types\/post"}],"author":[{"embeddable":true,"href":"https:\/\/balatonkeresztur.plebania.hu\/index.php\/wp-json\/wp\/v2\/users\/1"}],"replies":[{"embeddable":true,"href":"https:\/\/balatonkeresztur.plebania.hu\/index.php\/wp-json\/wp\/v2\/comments?post=88"}],"version-history":[{"count":7,"href":"https:\/\/balatonkeresztur.plebania.hu\/index.php\/wp-json\/wp\/v2\/posts\/88\/revisions"}],"predecessor-version":[{"id":297,"href":"https:\/\/balatonkeresztur.plebania.hu\/index.php\/wp-json\/wp\/v2\/posts\/88\/revisions\/297"}],"wp:attachment":[{"href":"https:\/\/balatonkeresztur.plebania.hu\/index.php\/wp-json\/wp\/v2\/media?parent=88"}],"wp:term":[{"taxonomy":"category","embeddable":true,"href":"https:\/\/balatonkeresztur.plebania.hu\/index.php\/wp-json\/wp\/v2\/categories?post=88"},{"taxonomy":"post_tag","embeddable":true,"href":"https:\/\/balatonkeresztur.plebania.hu\/index.php\/wp-json\/wp\/v2\/tags?post=88"}],"curies":[{"name":"wp","href":"https:\/\/api.w.org\/{rel}","templated":true}]}}