{"id":843,"date":"2022-11-13T09:47:57","date_gmt":"2022-11-13T09:47:57","guid":{"rendered":"https:\/\/balatonkeresztur.plebania.hu\/?p=843"},"modified":"2022-11-12T07:48:34","modified_gmt":"2022-11-12T07:48:34","slug":"a-magyar-katolikus-puspoki-konferencia-korlevele-arpad-hazi-szent-erzsebet-unnepere-2022","status":"publish","type":"post","link":"https:\/\/balatonkeresztur.plebania.hu\/index.php\/2022\/11\/13\/a-magyar-katolikus-puspoki-konferencia-korlevele-arpad-hazi-szent-erzsebet-unnepere-2022\/","title":{"rendered":"A Magyar Katolikus P\u00fcsp\u00f6ki Konferencia k\u00f6rlevele \u00c1rp\u00e1d-h\u00e1zi Szent Erzs\u00e9bet \u00fcnnep\u00e9re 2022"},"content":{"rendered":"\n<p>Kedves Testv\u00e9rek! Huszonn\u00e9gy \u00e9v \u2013 ez kevesebb, mint egy ember\u00f6lt\u0151. Mind\u00f6ssze ennyi adatott az egyik legismertebb magyar szentnek, a szolg\u00e1latk\u00e9sz fiatalok, az \u00e9desany\u00e1k \u00e9s az \u00f6zvegyek p\u00e9ldak\u00e9p\u00e9nek, \u00c1rp\u00e1d-h\u00e1zi Szent Erzs\u00e9betnek.<\/p>\n\n\n\n<!--more-->\n\n\n\n<p>A tev\u00e9keny szeretet f\u00f6ldi megtestes\u00edt\u0151je m\u00e9gis teljes \u00e9letet \u00e9lt. Abban a r\u00f6vid id\u0151ben, ami itt a F\u00f6ld\u00f6n adatott neki, volt vid\u00e1m gyermek, szerelmes feles\u00e9g, szeret\u0151 \u00e9desanya, gy\u00e1szol\u00f3 \u00f6zvegy, de mindenekel\u0151tt az elesetteken seg\u00edt\u0151 ember. Olyan, aki meggy\u0151z\u0151d\u00e9sb\u0151l \u00e9s teljes odaad\u00e1ssal tette a j\u00f3t. \u00c9letszents\u00e9ge kort\u00e1rsai sz\u00e1m\u00e1ra teljesen nyilv\u00e1nval\u00f3 volt, ez\u00e9rt is volt lehets\u00e9ges, hogy alig h\u00e1rom \u00e9vvel a hal\u00e1la ut\u00e1n m\u00e1r a szentek k\u00f6z\u00f6tt tisztelt\u00e9k.<\/p>\n\n\n\n<p>\u00c1rp\u00e1d-h\u00e1zi Szent Erzs\u00e9bet \u00e9vr\u0151l \u00e9vre visszat\u00e9r\u0151 \u00fcnnepe j\u00f3 alkalom, hogy felemelj\u00fck tekintet\u00fcnket saj\u00e1t \u00e9let\u00fcnk mindennapi probl\u00e9m\u00e1ir\u00f3l \u00e9s kinyissuk sz\u00edv\u00fcnket a n\u00e1lunk nehezebb helyzetben l\u00e9v\u0151k fel\u00e9. II. Andr\u00e1s kir\u00e1lyunk l\u00e1nya j\u00f3l ismerte Szent Jakab apostol figyelmeztet\u00e9s\u00e9t: \u201eaz embert a tettek teszik igazz\u00e1, nem a hit egymag\u00e1ban\u201d (Jak 2,24).<\/p>\n\n\n\n<p>Szent Erzs\u00e9bet \u00e9lete maga volt a tan\u00fas\u00e1gt\u00e9tel. Tan\u00fas\u00e1gt\u00e9tel Krisztus mellett, tan\u00fas\u00e1gt\u00e9tel a szeretet hat\u00e1rtalans\u00e1ga mellett. Vagyon\u00e1t teljes eg\u00e9sz\u00e9ben a szeg\u00e9nyek, r\u00e1szorul\u00f3k t\u00e1mogat\u00e1s\u00e1ra ford\u00edtotta. Csod\u00e1i, legend\u00e1i \u00e9vsz\u00e1zadok \u00f3ta adnak vil\u00e1gszerte ir\u00e1nymutat\u00e1st kereszt\u00e9nys\u00e9gb\u0151l \u00e9s embers\u00e9gb\u0151l mindenkinek. \u00c9let\u00e9nek megrend\u00edt\u0151 mozzanata, hogy egyszer a templomban, Sz\u0171z M\u00e1ria el\u0151tt levette fej\u00e9r\u0151l a koron\u00e1t \u00e9s arccal a f\u00f6ldre borult, mert \u00fagy \u00e9rezte, nem lehet d\u00edszesebb korona a fej\u00e9n, mint \u00e9gi \u00c9desanyj\u00e1nak. Ebb\u0151l az apr\u00f3 cselekedetb\u0151l is l\u00e1thatjuk, hogy szolg\u00e1lata nem puszt\u00e1n \u00f6nc\u00e9l\u00fa seg\u00edt\u00e9s volt, hanem Isten Orsz\u00e1g\u00e1nak tettekben megnyilv\u00e1nul\u00f3 hirdet\u00e9se.<\/p>\n\n\n\n<p>XVI. Benedek p\u00e1pa \u00edgy \u00edr az Egyh\u00e1z karitat\u00edv tev\u00e9kenys\u00e9g\u00e9r\u0151l a <em>Deus caritas est<\/em> kezdet\u0171 enciklik\u00e1ban: \u201eAz Egyh\u00e1z l\u00e9nyege h\u00e1rmas feladatban mutatkozik meg: Isten Ig\u00e9j\u00e9nek hirdet\u00e9se (kerygma-martyria), a szents\u00e9gek \u00fcnnepl\u00e9se (leiturgia), a szeretet szolg\u00e1lata (diak\u00f3nia). E h\u00e1rom feladat k\u00f6lcs\u00f6n\u00f6sen f\u00f6lt\u00e9telezi egym\u00e1st, \u00e9s nem szak\u00edthat\u00f3k el egym\u00e1st\u00f3l. A szeretetszolg\u00e1lat az Egyh\u00e1z sz\u00e1m\u00e1ra nem valamif\u00e9le j\u00f3t\u00e9konys\u00e1g, amit m\u00e1sokra is r\u00e1 lehetne b\u00edzni, hanem a l\u00e9nyeg\u00e9hez tartozik, tulajdon l\u00e9nyeg\u00e9nek mell\u0151zhetetlen kifejez\u00e9se\u201d (Deus caritas est, 25).<\/p>\n\n\n\n<p>Ez az a lelk\u00fclet, amelyet igyeksz\u00fcnk megval\u00f3s\u00edtani Egyh\u00e1zunk karitat\u00edv tev\u00e9kenys\u00e9gei sor\u00e1n is. Ne feledj\u00fck, hogy Krisztus k\u00f6vet\u0151inek a r\u00e1szorul\u00f3kat seg\u00edt\u0151 szolg\u00e1lata m\u00e1r a kezdeti id\u0151kben kiv\u00edvta a pog\u00e1nyok csod\u00e1lat\u00e1t is, \u00e9s figyelm\u00fcket a kereszt\u00e9ny k\u00f6z\u00f6ss\u00e9gre ir\u00e1ny\u00edtotta. K\u00e9tezer \u00e9ves t\u00f6rt\u00e9nelm\u00fcnk sor\u00e1n az Egyh\u00e1z tagjai minden t\u00f6rt\u00e9nelmi korban t\u00f6rekedtek szeretettel seg\u00edteni a r\u00e1szorul\u00f3kon, \u00edgy t\u00e9ve tan\u00fas\u00e1got arr\u00f3l, hogy Krisztushoz tartoznak.<\/p>\n\n\n\n<p>A Katolikus Karit\u00e1sz munkat\u00e1rsai, \u00f6nk\u00e9ntesei azon dolgoznak, hogy a Szent Erzs\u00e9bet \u00e9let\u00e9ben megnyilv\u00e1nul\u00f3 tev\u00e9keny szeretet ma is r\u00e9sze legyen Egyh\u00e1zunk mindennapjainak. Az \u0151 p\u00e9ld\u00e1ja nyom\u00e1n a Katolikus Karit\u00e1sz is mag\u00e1\u00e9nak vallja Ferenc p\u00e1pa gondolat\u00e1t, amelyet id\u00e9n okt\u00f3ber 19-\u00e9n a Vil\u00e1g\u00e9lelmez\u00e9si F\u00f3rum r\u00e9sztvev\u0151ihez c\u00edmzett: \u201emag\u00e1t az embert kell a figyelem k\u00f6z\u00e9ppontj\u00e1ba \u00e1ll\u00edtani, teljes val\u00f3s\u00e1g\u00e1ban \u00e9s minden val\u00f3s sz\u00fcks\u00e9glet\u00e9vel egy\u00fctt, f\u0151k\u00e9nt a n\u00e9lk\u00fcl\u00f6z\u0151kre gondolva\u201d. Febru\u00e1r \u00f3ta a n\u00e9lk\u00fcl\u00f6z\u0151k \u00faj csoportj\u00e1val tal\u00e1lkozunk. Haz\u00e1nk igyekszik minden olyan eszk\u00f6zzel seg\u00edteni, ami a legink\u00e1bb r\u00e1szorul\u00f3k \u00e9s a b\u00e9ke \u00e9rdek\u00e9ben \u00e1ll. A Katolikus Karit\u00e1sz munkat\u00e1rsai a Magyar Katolikus P\u00fcsp\u00f6ki Konferencia sz\u00e1nd\u00e9ka szerint folyamatosan jelen vannak a magyar-ukr\u00e1n hat\u00e1rn\u00e1l, seg\u00e9lysz\u00e1ll\u00edtm\u00e1nyokat juttatnak el K\u00e1rp\u00e1talj\u00e1ra \u00e9s a h\u00e1bor\u00fas \u00f6vezetekbe is. Komplex seg\u00edts\u00e9get adnak a haz\u00e1nkban letelepedni v\u00e1gy\u00f3knak: gyorsseg\u00e9ly mellett alb\u00e9rleti t\u00e1mogat\u00e1ssal, jogi \u00fcgyekben vagy munkahely- \u00e9s iskolakeres\u00e9sben ny\u00fajtott tan\u00e1csad\u00e1ssal, \u00e1m a legfontosabb, hogy szem\u00e9lyes jelenl\u00e9ttel, embers\u00e9ggel, krisztusi szeretettel fordulnak a r\u00e1szorul\u00f3khoz.<\/p>\n\n\n\n<p>Kereszt\u00e9ny emberk\u00e9nt minket k\u00fcl\u00f6n\u00f6sen is elborzaszt a h\u00e1bor\u00fa. Hisz\u00fcnk benne, hogy egym\u00e1s k\u00f6lcs\u00f6n\u00f6s tisztelete, meg\u00e9rt\u00e9se az, ami el\u0151mozd\u00edthatja a b\u00e9k\u00e9t. Pontosan hatvan \u00e9ve, 1962 \u0151sz\u00e9n kezd\u0151d\u00f6tt a II. Vatik\u00e1ni Zsinat, amelynek egyik k\u00f6zponti gondolata \u00e9ppen a b\u00e9ke volt. A zsinati aty\u00e1k szerint a b\u00e9ke \u201eannak a rendnek a gy\u00fcm\u00f6lcse, melyet Teremt\u0151je oltott bele az emberi t\u00e1rsadalomba, s amelyet az egyre nagyobb igazs\u00e1goss\u00e1gra szomjaz\u00f3 embereknek kell megval\u00f3s\u00edtaniuk\u201d (II. J\u00e1nos P\u00e1l p\u00e1pa \u00fczenete a B\u00e9ke 35. vil\u00e1gnapj\u00e1ra; 2002. janu\u00e1r 1.).<\/p>\n\n\n\n<p>Nem is kell azonban haz\u00e1nkon k\u00edv\u00fclre n\u00e9zn\u00fcnk, hogy neh\u00e9z helyzetben l\u00e9v\u0151ket tal\u00e1ljunk. Itthon is szembes\u00fcl\u00fcnk az energia \u00e9s az \u00e9lelmiszerek drasztikus \u00e1remelked\u00e9s\u00e9vel, tapasztaljuk h\u00e9tk\u00f6znapjainkban is, hogy sz\u00e1mos csal\u00e1dnak, k\u00f6z\u00f6ss\u00e9gnek, iskol\u00e1nak vagy v\u00e1llalkoz\u00e1snak jelentenek s\u00falyos neh\u00e9zs\u00e9get a megemelkedett k\u00f6lts\u00e9gek. Szent Erzs\u00e9bet p\u00e9ld\u00e1j\u00e1t k\u00f6vetve arra buzd\u00edtunk mindenkit, hogy az el\u0151tt\u00fcnk \u00e1ll\u00f3 neh\u00e9z id\u0151kben legy\u00fcnk hasznos eszk\u00f6z\u00f6k Isten kez\u00e9ben, vegy\u00fck \u00e9szre a k\u00f6rnyezet\u00fcnkben seg\u00edts\u00e9gre szorul\u00f3kat \u00e9s lehet\u0151s\u00e9geink szerint vegy\u00fcnk r\u00e9szt a krisztusi cselekv\u0151 szeretet gyakorl\u00e1s\u00e1ban. Ferenc p\u00e1pa erre buzd\u00edtott szeptember 27-\u00e9n, P\u00e1li Szent Vince szavait aj\u00e1nlva k\u00f6vet\u0151i figyelm\u00e9be a k\u00f6z\u00f6ss\u00e9gi m\u00e9di\u00e1ban \u00edrt bejegyz\u00e9s\u00e9ben: \u201eK\u00e9rj\u00fck az Egyh\u00e1z \u00e9s a magunk sz\u00e1m\u00e1ra a kegyelmet, hogy megl\u00e1ssuk az \u00e9hez\u0151, szomjaz\u00f3, idegen, ruh\u00e1it\u00f3l \u00e9s m\u00e9lt\u00f3s\u00e1g\u00e1t\u00f3l megfosztott, beteg, rabs\u00e1gban l\u00e9v\u0151 emberben az \u00dar J\u00e9zust\u201d.<\/p>\n\n\n\n<p>Bizalommal k\u00e9rj\u00fck h\u00edveinket, hogy november 20-\u00e1n, vas\u00e1rnap perselyadom\u00e1nyaikkal is seg\u00edts\u00e9k Egyh\u00e1zunk karitat\u00edv \u00e9s szoci\u00e1lis szolg\u00e1lat\u00e1t, amely Isten gondvisel\u0151, irgalmas szeretet\u00e9t mutatja fel.<\/p>\n\n\n\n<p>Kelt Budapesten, 2022. november 5.<\/p>\n\n\n\n<p>a Magyar Katolikus P\u00fcsp\u00f6ki Konferencia<\/p>\n","protected":false},"excerpt":{"rendered":"<p>Kedves Testv\u00e9rek! Huszonn\u00e9gy \u00e9v \u2013 ez kevesebb, mint egy ember\u00f6lt\u0151. Mind\u00f6ssze ennyi adatott az egyik legismertebb magyar szentnek, a szolg\u00e1latk\u00e9sz fiatalok, az \u00e9desany\u00e1k \u00e9s az \u00f6zvegyek p\u00e9ldak\u00e9p\u00e9nek, \u00c1rp\u00e1d-h\u00e1zi Szent Erzs\u00e9betnek.<\/p>\n","protected":false},"author":1,"featured_media":0,"comment_status":"closed","ping_status":"closed","sticky":false,"template":"","format":"standard","meta":{"footnotes":""},"categories":[1],"tags":[],"class_list":["post-843","post","type-post","status-publish","format-standard","hentry","category-egyeb"],"_links":{"self":[{"href":"https:\/\/balatonkeresztur.plebania.hu\/index.php\/wp-json\/wp\/v2\/posts\/843","targetHints":{"allow":["GET"]}}],"collection":[{"href":"https:\/\/balatonkeresztur.plebania.hu\/index.php\/wp-json\/wp\/v2\/posts"}],"about":[{"href":"https:\/\/balatonkeresztur.plebania.hu\/index.php\/wp-json\/wp\/v2\/types\/post"}],"author":[{"embeddable":true,"href":"https:\/\/balatonkeresztur.plebania.hu\/index.php\/wp-json\/wp\/v2\/users\/1"}],"replies":[{"embeddable":true,"href":"https:\/\/balatonkeresztur.plebania.hu\/index.php\/wp-json\/wp\/v2\/comments?post=843"}],"version-history":[{"count":1,"href":"https:\/\/balatonkeresztur.plebania.hu\/index.php\/wp-json\/wp\/v2\/posts\/843\/revisions"}],"predecessor-version":[{"id":844,"href":"https:\/\/balatonkeresztur.plebania.hu\/index.php\/wp-json\/wp\/v2\/posts\/843\/revisions\/844"}],"wp:attachment":[{"href":"https:\/\/balatonkeresztur.plebania.hu\/index.php\/wp-json\/wp\/v2\/media?parent=843"}],"wp:term":[{"taxonomy":"category","embeddable":true,"href":"https:\/\/balatonkeresztur.plebania.hu\/index.php\/wp-json\/wp\/v2\/categories?post=843"},{"taxonomy":"post_tag","embeddable":true,"href":"https:\/\/balatonkeresztur.plebania.hu\/index.php\/wp-json\/wp\/v2\/tags?post=843"}],"curies":[{"name":"wp","href":"https:\/\/api.w.org\/{rel}","templated":true}]}}