{"id":836,"date":"2022-10-09T07:12:22","date_gmt":"2022-10-09T07:12:22","guid":{"rendered":"https:\/\/balatonkeresztur.plebania.hu\/?p=836"},"modified":"2022-10-11T17:52:02","modified_gmt":"2022-10-11T17:52:02","slug":"karitasz-lelki-nap","status":"publish","type":"post","link":"https:\/\/balatonkeresztur.plebania.hu\/index.php\/2022\/10\/09\/karitasz-lelki-nap\/","title":{"rendered":"Karit\u00e1sz lelki nap"},"content":{"rendered":"\n<p>Karitasz csoportunk 2022. 10. 08-\u00e1n lelki napot tartott.<\/p>\n\n\n\n<!--more-->\n\n\n\n<p>Hagyom\u00e1ny teremt\u0151 sz\u00e1nd\u00e9kkal imm\u00e1r m\u00e1sodik alkalommal rendezt\u00fck meg \u00f6sszej\u00f6vetel\u00fcnket Szent Fausztina eml\u00e9knapj\u00e1hoz kacsol\u00f3dva . Vend\u00e9g\u00fcnk Ar\u00e1nyi Zolt\u00e1n atya volt, aki jelenleg Lengyelt\u00f3tiban pl\u00e9b\u00e1nos. Az isteni irgalmass\u00e1g ima\u00f3r\u00e1t k\u00f6vet\u0151en Zolt\u00e1n atya &#8222;M\u00e1ria, az Irgalmass\u00e1g anyja&#8221; c\u00edmmel tartott tan\u00edt\u00e1st\u00a0 az \u00e9rdekl\u0151d\u0151knek, majd a lelki megtisztul\u00e1sra v\u00e1gy\u00f3knak gy\u00f3n\u00e1sra volt lehet\u0151s\u00e9g\u00fck.\u00a0Az \u00f6sszej\u00f6vetel f\u00e9ny\u00e9t emelte, hogy ez a nap egyben a Magyarok Nagyasszonya \u00fcnnep\u00e9re esett. A szentmis\u00e9t k\u00f6vet\u0151en vend\u00e9g\u00fcl l\u00e1ttuk a jelenl\u00e9v\u0151ket a Szent Istv\u00e1n H\u00e1zban. Az asztalra a h\u00edvek j\u00f3volt\u00e1b\u00f3l ker\u00fclt harapni val\u00f3, amit ez\u00faton is k\u00f6sz\u00f6n\u00fcnk! J\u00f3 ked\u00e9ly\u0171, k\u00f6tetlen t\u00e1rsalg\u00e1ssal z\u00e1rtuk az \u00f6sszej\u00f6vetelt. H\u00e1l\u00e1t adunk a j\u00f3 Istennek, hogy egybegy\u0171lhett\u00fcnk \u00e9s \u00e1ld\u00e1s\u00e1t adta erre a napra! K\u00f6sz\u00f6nj\u00fck Zolt\u00e1n aty\u00e1nak, hogy elfogadta megh\u00edv\u00e1sunkat, az \u00e9p\u00edt\u0151, l\u00e9lekemel\u0151 tan\u00edt\u00e1st \u00e9s szentbesz\u00e9det!<\/p>\n\n\n\n<p>K\u00f6sz\u00f6nj\u00fck N\u00e9meth J\u00f3zsef k\u00e9thelyi pl\u00e9b\u00e1nos r\u00e9szv\u00e9tel\u00e9t, seg\u00edts\u00e9g\u00e9t \u00e9s k\u00f6sz\u00f6nj\u00fck Zsolt aty\u00e1nak , hogy seg\u00edtette \u00e9s t\u00e1mogatta rendezv\u00e9ny\u00fcnket!&nbsp;<\/p>\n\n\n\n<p>Karitasz csoport<\/p>\n\n\n\n<figure class=\"wp-block-image size-full is-resized\"><a href=\"https:\/\/photos.app.goo.gl\/GRKovviMRUUnXMyo7\" target=\"_blank\" rel=\"noreferrer noopener\"><img loading=\"lazy\" decoding=\"async\" src=\"https:\/\/balatonkeresztur.plebania.hu\/wp-content\/uploads\/2022\/10\/DSCF0759-scaled.jpg\" alt=\"\" class=\"wp-image-837\" width=\"529\" height=\"398\" srcset=\"https:\/\/balatonkeresztur.plebania.hu\/wp-content\/uploads\/2022\/10\/DSCF0759-scaled.jpg 2560w, https:\/\/balatonkeresztur.plebania.hu\/wp-content\/uploads\/2022\/10\/DSCF0759-768x578.jpg 768w, https:\/\/balatonkeresztur.plebania.hu\/wp-content\/uploads\/2022\/10\/DSCF0759-1536x1156.jpg 1536w, https:\/\/balatonkeresztur.plebania.hu\/wp-content\/uploads\/2022\/10\/DSCF0759-2048x1542.jpg 2048w\" sizes=\"auto, (max-width: 529px) 100vw, 529px\" \/><\/a><figcaption>a k\u00e9pre kattintva l\u00e1that\u00f3 a gal\u00e9ria<\/figcaption><\/figure>\n","protected":false},"excerpt":{"rendered":"<p>Karitasz csoportunk 2022. 10. 08-\u00e1n lelki napot tartott.<\/p>\n","protected":false},"author":1,"featured_media":0,"comment_status":"closed","ping_status":"open","sticky":false,"template":"","format":"standard","meta":{"footnotes":""},"categories":[1],"tags":[],"class_list":["post-836","post","type-post","status-publish","format-standard","hentry","category-egyeb"],"_links":{"self":[{"href":"https:\/\/balatonkeresztur.plebania.hu\/index.php\/wp-json\/wp\/v2\/posts\/836","targetHints":{"allow":["GET"]}}],"collection":[{"href":"https:\/\/balatonkeresztur.plebania.hu\/index.php\/wp-json\/wp\/v2\/posts"}],"about":[{"href":"https:\/\/balatonkeresztur.plebania.hu\/index.php\/wp-json\/wp\/v2\/types\/post"}],"author":[{"embeddable":true,"href":"https:\/\/balatonkeresztur.plebania.hu\/index.php\/wp-json\/wp\/v2\/users\/1"}],"replies":[{"embeddable":true,"href":"https:\/\/balatonkeresztur.plebania.hu\/index.php\/wp-json\/wp\/v2\/comments?post=836"}],"version-history":[{"count":4,"href":"https:\/\/balatonkeresztur.plebania.hu\/index.php\/wp-json\/wp\/v2\/posts\/836\/revisions"}],"predecessor-version":[{"id":841,"href":"https:\/\/balatonkeresztur.plebania.hu\/index.php\/wp-json\/wp\/v2\/posts\/836\/revisions\/841"}],"wp:attachment":[{"href":"https:\/\/balatonkeresztur.plebania.hu\/index.php\/wp-json\/wp\/v2\/media?parent=836"}],"wp:term":[{"taxonomy":"category","embeddable":true,"href":"https:\/\/balatonkeresztur.plebania.hu\/index.php\/wp-json\/wp\/v2\/categories?post=836"},{"taxonomy":"post_tag","embeddable":true,"href":"https:\/\/balatonkeresztur.plebania.hu\/index.php\/wp-json\/wp\/v2\/tags?post=836"}],"curies":[{"name":"wp","href":"https:\/\/api.w.org\/{rel}","templated":true}]}}