{"id":827,"date":"2022-10-07T14:33:37","date_gmt":"2022-10-07T14:33:37","guid":{"rendered":"https:\/\/balatonkeresztur.plebania.hu\/?p=827"},"modified":"2022-10-07T18:13:41","modified_gmt":"2022-10-07T18:13:41","slug":"megemlekezes-dr-szemes-jozsef-apat-urrol","status":"publish","type":"post","link":"https:\/\/balatonkeresztur.plebania.hu\/index.php\/2022\/10\/07\/megemlekezes-dr-szemes-jozsef-apat-urrol\/","title":{"rendered":"Megeml\u00e9kez\u00e9s Dr Szemes J\u00f3zsef ap\u00e1t \u00farr\u00f3l"},"content":{"rendered":"\n<p>A tegnapi napon volt Dr Szemes J\u00f3zsef ap\u00e1t \u00far megt\u00e1mad\u00e1s\u00e1nak 25. \u00e9vfordul\u00f3ja.<\/p>\n\n\n\n<!--more-->\n\n\n\n<p>A megeml\u00e9kez\u0151 szentmis\u00e9n Varga L\u00e1szl\u00f3 p\u00fcsp\u00f6k \u00far a pr\u00e9dik\u00e1ci\u00f3ban ap\u00e1t \u00farhoz f\u0171z\u0151d\u0151 2 szem\u00e9lyes \u00e9lm\u00e9ny\u00e9n kereszt\u00fcl besz\u00e9lt Isten irgalm\u00e1r\u00f3l. A megjelent eml\u00e9kez\u0151 h\u00edvekkel egy\u00fctt im\u00e1dkozott p\u00fcsp\u00f6k \u00far ap\u00e1t \u00far\u00e9rt, hogy a J\u00f3 Isten adjon neki \u00f6r\u00f6k nyugodalmat!<\/p>\n\n\n\n<figure class=\"wp-block-image size-full is-resized\"><img loading=\"lazy\" decoding=\"async\" src=\"https:\/\/balatonkeresztur.plebania.hu\/wp-content\/uploads\/2022\/10\/IMG_20221006_172047-1-scaled.jpg\" alt=\"\" class=\"wp-image-831\" width=\"648\" height=\"480\" srcset=\"https:\/\/balatonkeresztur.plebania.hu\/wp-content\/uploads\/2022\/10\/IMG_20221006_172047-1-scaled.jpg 2560w, https:\/\/balatonkeresztur.plebania.hu\/wp-content\/uploads\/2022\/10\/IMG_20221006_172047-1-768x569.jpg 768w, https:\/\/balatonkeresztur.plebania.hu\/wp-content\/uploads\/2022\/10\/IMG_20221006_172047-1-1536x1139.jpg 1536w, https:\/\/balatonkeresztur.plebania.hu\/wp-content\/uploads\/2022\/10\/IMG_20221006_172047-1-2048x1518.jpg 2048w\" sizes=\"auto, (max-width: 648px) 100vw, 648px\" \/><\/figure>\n","protected":false},"excerpt":{"rendered":"<p>A tegnapi napon volt Dr Szemes J\u00f3zsef ap\u00e1t \u00far megt\u00e1mad\u00e1s\u00e1nak 25. \u00e9vfordul\u00f3ja.<\/p>\n","protected":false},"author":1,"featured_media":0,"comment_status":"closed","ping_status":"open","sticky":false,"template":"","format":"standard","meta":{"footnotes":""},"categories":[1],"tags":[],"class_list":["post-827","post","type-post","status-publish","format-standard","hentry","category-egyeb"],"_links":{"self":[{"href":"https:\/\/balatonkeresztur.plebania.hu\/index.php\/wp-json\/wp\/v2\/posts\/827","targetHints":{"allow":["GET"]}}],"collection":[{"href":"https:\/\/balatonkeresztur.plebania.hu\/index.php\/wp-json\/wp\/v2\/posts"}],"about":[{"href":"https:\/\/balatonkeresztur.plebania.hu\/index.php\/wp-json\/wp\/v2\/types\/post"}],"author":[{"embeddable":true,"href":"https:\/\/balatonkeresztur.plebania.hu\/index.php\/wp-json\/wp\/v2\/users\/1"}],"replies":[{"embeddable":true,"href":"https:\/\/balatonkeresztur.plebania.hu\/index.php\/wp-json\/wp\/v2\/comments?post=827"}],"version-history":[{"count":3,"href":"https:\/\/balatonkeresztur.plebania.hu\/index.php\/wp-json\/wp\/v2\/posts\/827\/revisions"}],"predecessor-version":[{"id":833,"href":"https:\/\/balatonkeresztur.plebania.hu\/index.php\/wp-json\/wp\/v2\/posts\/827\/revisions\/833"}],"wp:attachment":[{"href":"https:\/\/balatonkeresztur.plebania.hu\/index.php\/wp-json\/wp\/v2\/media?parent=827"}],"wp:term":[{"taxonomy":"category","embeddable":true,"href":"https:\/\/balatonkeresztur.plebania.hu\/index.php\/wp-json\/wp\/v2\/categories?post=827"},{"taxonomy":"post_tag","embeddable":true,"href":"https:\/\/balatonkeresztur.plebania.hu\/index.php\/wp-json\/wp\/v2\/tags?post=827"}],"curies":[{"name":"wp","href":"https:\/\/api.w.org\/{rel}","templated":true}]}}