{"id":822,"date":"2022-09-27T15:36:19","date_gmt":"2022-09-27T15:36:19","guid":{"rendered":"https:\/\/balatonkeresztur.plebania.hu\/?p=822"},"modified":"2022-09-27T15:37:28","modified_gmt":"2022-09-27T15:37:28","slug":"nepszamlalaskor-valljuk-meg-hogy-katolikusok-vagyunk","status":"publish","type":"post","link":"https:\/\/balatonkeresztur.plebania.hu\/index.php\/2022\/09\/27\/nepszamlalaskor-valljuk-meg-hogy-katolikusok-vagyunk\/","title":{"rendered":"N\u00e9psz\u00e1ml\u00e1l\u00e1skor valljuk meg, hogy katolikusok vagyunk!"},"content":{"rendered":"\n<p>2022. okt\u00f3ber 1. \u00e9s november 28. k\u00f6z\u00f6tt n\u00e9psz\u00e1ml\u00e1l\u00e1s lesz Magyarorsz\u00e1gon. A Magyar Katolikus P\u00fcsp\u00f6ki Konferencia (MKPK) arra buzd\u00edt minden magyar katolikust, hogy b\u00e1tran v\u00e1llalja vall\u00e1si hovatartoz\u00e1s\u00e1t.<\/p>\n\n\n\n<!--more-->\n\n\n\n<p>A n\u00e9psz\u00e1ml\u00e1l\u00e1s nagyon fontos esem\u00e9ny nemcsak Magyarorsz\u00e1g, de a magyar katolikusok sz\u00e1m\u00e1ra is.<br><br>A n\u00e9psz\u00e1ml\u00e1l\u00e1s els\u0151 szakasza okt\u00f3ber 1\u201316. k\u00f6z\u00f6tt zajlik, amikor minden Magyarorsz\u00e1gon \u00e9l\u0151 szem\u00e9ly online t\u00f6ltheti ki a n\u00e9psz\u00e1ml\u00e1l\u00e1si k\u00e9rd\u0151\u00edvet. Aki nem \u00e9l ezzel a lehet\u0151s\u00e9ggel, azt okt\u00f3ber 17. \u00e9s november 20. k\u00f6z\u00f6tt szem\u00e9lyesen keresik fel a sz\u00e1ml\u00e1l\u00f3biztosok. November 21\u201328. k\u00f6z\u00f6tt pedig a telep\u00fcl\u00e9si jegyz\u0151kn\u00e9l lesz p\u00f3t\u00f6ssze\u00edr\u00e1si id\u0151szak azoknak, akik b\u00e1rmilyen okb\u00f3l kor\u00e1bban kimaradtak.<\/p>\n\n\n\n<figure class=\"wp-block-image\"><a href=\"https:\/\/katolikus.hu\/media\/KATOLIKUS-EGYHAZ_nepszamlalas_2022_A4_Layout_V45_220912.jpg\"><img decoding=\"async\" src=\"https:\/\/katolikus.hu\/media\/KATOLIKUS-EGYHAZ_nepszamlalas_2022_A4_Layout_V45_220912.jpg?size=h\" alt=\"\"\/><\/a><\/figure>\n\n\n\n<p>Az MKPK kamp\u00e1ny\u00e1nak c\u00e9lja, hogy minden magyar katolikust arra buzd\u00edtson, b\u00e1tran vallja meg vall\u00e1si hovatartoz\u00e1s\u00e1t \u00e9s felel\u0151ss\u00e9g\u00e9nek teljes tudat\u00e1ban adjon v\u00e1laszt a n\u00e9psz\u00e1ml\u00e1l\u00e1s vonatkoz\u00f3 k\u00e9rd\u00e9s\u00e9re.<br><br>A n\u00e9psz\u00e1ml\u00e1l\u00e1s 14. k\u00e9rd\u00e9se \u00edgy hangzik: \u201e<em>Mi a vall\u00e1sa, felekezete?<\/em>\u201d A v\u00e1laszt minden esetben csak digit\u00e1lis form\u00e1ban (a sz\u00e1ml\u00e1l\u00f3biztosok, illetve a jegyz\u0151k is digit\u00e1lisan, tableten t\u00f6ltik ki a k\u00e9rd\u0151\u00edvet), beg\u00e9pel\u00e9s \u00fatj\u00e1n lehet megadni.<br><br>A rendszer a \u201ekatolikus\u201d sz\u00f3 beg\u00e9pel\u00e9se k\u00f6zben h\u00e1rom v\u00e1laszt\u00e1si lehet\u0151s\u00e9get k\u00edn\u00e1l majd fel:<br><br>\u2013 a latin, azaz a r\u00f3mai katolikus h\u00edvek ezt a lehet\u0151s\u00e9get v\u00e1lassz\u00e1k:<br><strong>katolikus (r\u00f3mai katolikus)<\/strong><br><br>\u2013 a biz\u00e1nci, azaz g\u00f6r\u00f6gkatolikus h\u00edvek pedig ezt a lehet\u0151s\u00e9get v\u00e1lassz\u00e1k:<br><strong>katolikus (g\u00f6r\u00f6gkatolikus)<\/strong><br><br>\u2013 akik az el\u0151z\u0151 kett\u0151h\u00f6z nem tartoznak, mert b\u00e1r katolikusok, de egy m\u00e1sik k\u00f6z\u00f6ss\u00e9get, r\u00edtust k\u00e9pviselnek (pl. \u00f6rm\u00e9ny vagy kopt katolikusok), v\u00e1laszthatj\u00e1k a harmadik lehet\u0151s\u00e9get: Magyar Katolikus Egyh\u00e1z.<br><br>A k\u00e9rd\u00e9sre nem k\u00f6telez\u0151 v\u00e1laszolni, azonban a vall\u00e1si hovatartoz\u00e1s identit\u00e1sunk r\u00e9sz\u00e9t k\u00e9pezi. Az MKPK arra buzd\u00edtja az egyh\u00e1zmegy\u00e9ket, a pl\u00e9b\u00e1ni\u00e1kat, a szerzetesk\u00f6z\u00f6ss\u00e9geket, az egyh\u00e1zi oktat\u00e1si, szoci\u00e1lis \u00e9s eg\u00e9szs\u00e9g\u00fcgyi int\u00e9zm\u00e9nyek vezet\u0151it \u00e9s dolgoz\u00f3it, hogy minden lehets\u00e9ges f\u00f3rumon h\u00edvj\u00e1k fel az emberek figyelm\u00e9t arra, hogy a n\u00e9psz\u00e1ml\u00e1l\u00e1s alkalm\u00e1val is vallj\u00e1k meg hit\u00fcket.<br><br>A p\u00fcsp\u00f6ki konferencia arra buzd\u00edt mindenkit, hogy a teljesen anonim &#8211; a KSH a nevet \u00e9s a megadott v\u00e1laszokat informatikailag k\u00fcl\u00f6n kezeli &#8211; n\u00e9psz\u00e1ml\u00e1l\u00e1s alkalm\u00e1val b\u00e1tran vallja meg hit\u00e9t, Krisztushoz \u00e9s az \u0151 Egyh\u00e1z\u00e1hoz tartoz\u00e1s\u00e1t.<br>A p\u00fcsp\u00f6ki konferencia kamp\u00e1ny\u00e1nak keret\u00e9ben plak\u00e1t is k\u00e9sz\u00fclt, amelyen egyh\u00e1zi \u00e9s vil\u00e1gi szem\u00e9lyek arcukat adva buzd\u00edtj\u00e1k a katolikusokat vall\u00e1si identit\u00e1suk megvall\u00e1s\u00e1ra. A plak\u00e1ton t\u00f6bbek k\u00f6z\u00f6tt egy\u00fctt l\u00e1that\u00f3 Erd\u0151 P\u00e9ter b\u00edboros, pr\u00edm\u00e1s; Veres Andr\u00e1s gy\u0151ri megy\u00e9sp\u00fcsp\u00f6k, az MKPK eln\u00f6ke; Kocsis F\u00fcl\u00f6p hajd\u00fadorogi \u00e9rsek-metropolita; B\u00f6jte Csaba ferences szerzetes; Cs\u00f3kay Andr\u00e1s idegseb\u00e9sz; Rubovszky Rita, a Patrona Hungariae Iskolak\u00f6zpont igazgat\u00f3ja; Dolhai Attila sz\u00ednm\u0171v\u00e9sz; Versegi Be\u00e1ta, a Nyolc Boldogs\u00e1g K\u00f6z\u00f6ss\u00e9g szerzetese; Pindroch Csaba sz\u00edn\u00e9sz, Boros Misi zongorista \u00e9s Kov\u00e1cs \u00c1kos el\u0151ad\u00f3m\u0171v\u00e9sz is.<br><br>A kamp\u00e1ny sor\u00e1n a Magyar Katolikus Egyh\u00e1z k\u00f6z\u00f6ss\u00e9gi oldal\u00e1n egyh\u00e1zi \u00e9s vil\u00e1gi szem\u00e9lyek video\u00fczenetekben buzd\u00edtanak katolikus mivoltunk megvall\u00e1s\u00e1ra.<\/p>\n\n\n\n<p>Forr\u00e1s: <a href=\"https:\/\/katolikus.hu\/cikk\/nepszamlalaskor-valljuk-meg-hogy-katolikusok-vagyunk\" target=\"_blank\" rel=\"noreferrer noopener\">Magyar Katolikus Egyh\u00e1z<\/a><\/p>\n","protected":false},"excerpt":{"rendered":"<p>2022. okt\u00f3ber 1. \u00e9s november 28. k\u00f6z\u00f6tt n\u00e9psz\u00e1ml\u00e1l\u00e1s lesz Magyarorsz\u00e1gon. A Magyar Katolikus P\u00fcsp\u00f6ki Konferencia (MKPK) arra buzd\u00edt minden magyar katolikust, hogy b\u00e1tran v\u00e1llalja vall\u00e1si hovatartoz\u00e1s\u00e1t.<\/p>\n","protected":false},"author":1,"featured_media":0,"comment_status":"closed","ping_status":"open","sticky":false,"template":"","format":"standard","meta":{"footnotes":""},"categories":[1],"tags":[],"class_list":["post-822","post","type-post","status-publish","format-standard","hentry","category-egyeb"],"_links":{"self":[{"href":"https:\/\/balatonkeresztur.plebania.hu\/index.php\/wp-json\/wp\/v2\/posts\/822","targetHints":{"allow":["GET"]}}],"collection":[{"href":"https:\/\/balatonkeresztur.plebania.hu\/index.php\/wp-json\/wp\/v2\/posts"}],"about":[{"href":"https:\/\/balatonkeresztur.plebania.hu\/index.php\/wp-json\/wp\/v2\/types\/post"}],"author":[{"embeddable":true,"href":"https:\/\/balatonkeresztur.plebania.hu\/index.php\/wp-json\/wp\/v2\/users\/1"}],"replies":[{"embeddable":true,"href":"https:\/\/balatonkeresztur.plebania.hu\/index.php\/wp-json\/wp\/v2\/comments?post=822"}],"version-history":[{"count":2,"href":"https:\/\/balatonkeresztur.plebania.hu\/index.php\/wp-json\/wp\/v2\/posts\/822\/revisions"}],"predecessor-version":[{"id":824,"href":"https:\/\/balatonkeresztur.plebania.hu\/index.php\/wp-json\/wp\/v2\/posts\/822\/revisions\/824"}],"wp:attachment":[{"href":"https:\/\/balatonkeresztur.plebania.hu\/index.php\/wp-json\/wp\/v2\/media?parent=822"}],"wp:term":[{"taxonomy":"category","embeddable":true,"href":"https:\/\/balatonkeresztur.plebania.hu\/index.php\/wp-json\/wp\/v2\/categories?post=822"},{"taxonomy":"post_tag","embeddable":true,"href":"https:\/\/balatonkeresztur.plebania.hu\/index.php\/wp-json\/wp\/v2\/tags?post=822"}],"curies":[{"name":"wp","href":"https:\/\/api.w.org\/{rel}","templated":true}]}}