{"id":813,"date":"2022-09-24T16:21:27","date_gmt":"2022-09-24T16:21:27","guid":{"rendered":"https:\/\/balatonkeresztur.plebania.hu\/?p=813"},"modified":"2022-09-24T16:27:15","modified_gmt":"2022-09-24T16:27:15","slug":"szent-fausztina-lelkinap-3","status":"publish","type":"post","link":"https:\/\/balatonkeresztur.plebania.hu\/index.php\/2022\/09\/24\/szent-fausztina-lelkinap-3\/","title":{"rendered":"Szent Fausztina Lelkinap"},"content":{"rendered":"\n<p class=\"has-text-align-center\">SZENT FAUSZTINA LELKINAP<\/p>\n\n\n\n<p class=\"has-text-align-center\"><strong>A Balatonkereszt\u00fari Karit\u00e1sz Csoport szervez\u00e9s\u00e9ben <\/strong><br><strong>2022. okt\u00f3ber 8. Szombat d\u00e9lut\u00e1n<\/strong><\/p>\n\n\n\n<figure class=\"wp-block-image size-full\"><img loading=\"lazy\" decoding=\"async\" width=\"87\" height=\"130\" src=\"https:\/\/balatonkeresztur.plebania.hu\/wp-content\/uploads\/2022\/09\/kep-2.png\" alt=\"\" class=\"wp-image-817\"\/><\/figure>\n\n\n\n<!--more-->\n\n\n\n<p><strong>14:00 K\u00f6sz\u00f6nt\u0151, Irgalmass\u00e1g Ima\u00f3ra<\/strong><\/p>\n\n\n\n<p><strong>14:30 Tan\u00edt\u00e1s, Ar\u00e1nyi Zolt\u00e1n atya<\/strong><\/p>\n\n\n\n<p><strong>15:00 Sz\u00fcnet<\/strong><\/p>\n\n\n\n<p><strong>Szentgy\u00f3n\u00e1si lehet\u0151s\u00e9g vend\u00e9g aty\u00e1kn\u00e1l<\/strong><\/p>\n\n\n\n<p><strong>15:30 Szentmise, Ar\u00e1nyi Zolt\u00e1n atya<\/strong><\/p>\n\n\n\n<p><strong>16:30&nbsp;&nbsp; Agap\u00e9, Szent Istv\u00e1n H\u00e1z<\/strong><\/p>\n\n\n\n<p><strong>Mindenkit Szeretettel V\u00e1runk!<\/strong><\/p>\n\n\n\n<figure class=\"wp-block-image size-full\"><img loading=\"lazy\" decoding=\"async\" width=\"181\" height=\"248\" src=\"https:\/\/balatonkeresztur.plebania.hu\/wp-content\/uploads\/2022\/09\/kep.png\" alt=\"\" class=\"wp-image-814\"\/><\/figure>\n\n\n\n<p><a href=\"http:\/\/balatonkeresztur.plebania.hu\/wp-content\/uploads\/2022\/09\/Szent-Fausztina-Lelkinap-2022.pdf\" target=\"_blank\" rel=\"noreferrer noopener\">let\u00f6lthet\u0151 plak\u00e1t<\/a><\/p>\n","protected":false},"excerpt":{"rendered":"<p>SZENT FAUSZTINA LELKINAP A Balatonkereszt\u00fari Karit\u00e1sz Csoport szervez\u00e9s\u00e9ben 2022. okt\u00f3ber 8. Szombat d\u00e9lut\u00e1n<\/p>\n","protected":false},"author":1,"featured_media":0,"comment_status":"closed","ping_status":"open","sticky":false,"template":"","format":"standard","meta":{"footnotes":""},"categories":[1],"tags":[],"class_list":["post-813","post","type-post","status-publish","format-standard","hentry","category-egyeb"],"_links":{"self":[{"href":"https:\/\/balatonkeresztur.plebania.hu\/index.php\/wp-json\/wp\/v2\/posts\/813","targetHints":{"allow":["GET"]}}],"collection":[{"href":"https:\/\/balatonkeresztur.plebania.hu\/index.php\/wp-json\/wp\/v2\/posts"}],"about":[{"href":"https:\/\/balatonkeresztur.plebania.hu\/index.php\/wp-json\/wp\/v2\/types\/post"}],"author":[{"embeddable":true,"href":"https:\/\/balatonkeresztur.plebania.hu\/index.php\/wp-json\/wp\/v2\/users\/1"}],"replies":[{"embeddable":true,"href":"https:\/\/balatonkeresztur.plebania.hu\/index.php\/wp-json\/wp\/v2\/comments?post=813"}],"version-history":[{"count":3,"href":"https:\/\/balatonkeresztur.plebania.hu\/index.php\/wp-json\/wp\/v2\/posts\/813\/revisions"}],"predecessor-version":[{"id":821,"href":"https:\/\/balatonkeresztur.plebania.hu\/index.php\/wp-json\/wp\/v2\/posts\/813\/revisions\/821"}],"wp:attachment":[{"href":"https:\/\/balatonkeresztur.plebania.hu\/index.php\/wp-json\/wp\/v2\/media?parent=813"}],"wp:term":[{"taxonomy":"category","embeddable":true,"href":"https:\/\/balatonkeresztur.plebania.hu\/index.php\/wp-json\/wp\/v2\/categories?post=813"},{"taxonomy":"post_tag","embeddable":true,"href":"https:\/\/balatonkeresztur.plebania.hu\/index.php\/wp-json\/wp\/v2\/tags?post=813"}],"curies":[{"name":"wp","href":"https:\/\/api.w.org\/{rel}","templated":true}]}}