{"id":805,"date":"2022-07-30T16:14:17","date_gmt":"2022-07-30T16:14:17","guid":{"rendered":"https:\/\/balatonkeresztur.plebania.hu\/?p=805"},"modified":"2022-08-04T17:46:55","modified_gmt":"2022-08-04T17:46:55","slug":"ujra-koncert-lesz-plebaniatemplomunkban","status":"publish","type":"post","link":"https:\/\/balatonkeresztur.plebania.hu\/index.php\/2022\/07\/30\/ujra-koncert-lesz-plebaniatemplomunkban\/","title":{"rendered":"\u00dajra koncert lesz pl\u00e9b\u00e1niatemplomunkban"},"content":{"rendered":"\n<p>Augusztus 13-\u00e1n, szombaton 17 \u00f3r\u00e1t\u00f3l hossz\u00fa id\u0151 ut\u00e1n \u00fajra koncert lesz a pl\u00e9b\u00e1niatemplomban.<\/p>\n\n\n\n<!--more-->\n\n\n\n<p>Vend\u00e9geink a <a rel=\"noreferrer noopener\" href=\"https:\/\/www.concertobudapest.hu\/rolunk\/a-zenekar\" target=\"_blank\">Concerto Budapest<\/a> zenekar tagjai lesznek:<br><br>M\u0171sor:<br><br>Mozart: D-d\u00far Divertimento K.136<\/p>\n\n\n\n<p>Mozart: Klarin\u00e9t\u00f6t\u00f6s K. 581&nbsp;&nbsp;&nbsp;&nbsp;&nbsp;&nbsp;&nbsp;<\/p>\n\n\n\n<p>Mozart: Kis \u00e9ji zene K.525&nbsp;&nbsp;<\/p>\n\n\n\n<p>K\u00f6zrem\u0171k\u00f6dik: Miranda Liu, Kakutani Satoko heged\u0171, Haruka Nagao br\u00e1csa, Aranyos J\u00e1nos csell\u00f3, Ill\u00e9s L\u00e1szl\u00f3 b\u0151g\u0151, Kleny\u00e1n Csaba klarin\u00e9t<\/p>\n\n\n\n<figure class=\"wp-block-image size-full is-resized\"><a href=\"http:\/\/balatonkeresztur.plebania.hu\/wp-content\/uploads\/2022\/07\/2022_08_MozArtPlanet_plakat_A3_Balatonkeresztur.pdf\" target=\"_blank\" rel=\"noopener\"><img loading=\"lazy\" decoding=\"async\" src=\"http:\/\/balatonkeresztur.plebania.hu\/wp-content\/uploads\/2022\/07\/concertobudapest.jpg\" alt=\"\" class=\"wp-image-808\" width=\"566\" height=\"774\" srcset=\"https:\/\/balatonkeresztur.plebania.hu\/wp-content\/uploads\/2022\/07\/concertobudapest.jpg 968w, https:\/\/balatonkeresztur.plebania.hu\/wp-content\/uploads\/2022\/07\/concertobudapest-768x1050.jpg 768w\" sizes=\"auto, (max-width: 566px) 100vw, 566px\" \/><\/a><\/figure>\n","protected":false},"excerpt":{"rendered":"<p>Augusztus 13-\u00e1n, szombaton 17 \u00f3r\u00e1t\u00f3l hossz\u00fa id\u0151 ut\u00e1n \u00fajra koncert lesz a pl\u00e9b\u00e1niatemplomban.<\/p>\n","protected":false},"author":1,"featured_media":0,"comment_status":"closed","ping_status":"closed","sticky":false,"template":"","format":"standard","meta":{"footnotes":""},"categories":[1],"tags":[],"class_list":["post-805","post","type-post","status-publish","format-standard","hentry","category-egyeb"],"_links":{"self":[{"href":"https:\/\/balatonkeresztur.plebania.hu\/index.php\/wp-json\/wp\/v2\/posts\/805","targetHints":{"allow":["GET"]}}],"collection":[{"href":"https:\/\/balatonkeresztur.plebania.hu\/index.php\/wp-json\/wp\/v2\/posts"}],"about":[{"href":"https:\/\/balatonkeresztur.plebania.hu\/index.php\/wp-json\/wp\/v2\/types\/post"}],"author":[{"embeddable":true,"href":"https:\/\/balatonkeresztur.plebania.hu\/index.php\/wp-json\/wp\/v2\/users\/1"}],"replies":[{"embeddable":true,"href":"https:\/\/balatonkeresztur.plebania.hu\/index.php\/wp-json\/wp\/v2\/comments?post=805"}],"version-history":[{"count":2,"href":"https:\/\/balatonkeresztur.plebania.hu\/index.php\/wp-json\/wp\/v2\/posts\/805\/revisions"}],"predecessor-version":[{"id":810,"href":"https:\/\/balatonkeresztur.plebania.hu\/index.php\/wp-json\/wp\/v2\/posts\/805\/revisions\/810"}],"wp:attachment":[{"href":"https:\/\/balatonkeresztur.plebania.hu\/index.php\/wp-json\/wp\/v2\/media?parent=805"}],"wp:term":[{"taxonomy":"category","embeddable":true,"href":"https:\/\/balatonkeresztur.plebania.hu\/index.php\/wp-json\/wp\/v2\/categories?post=805"},{"taxonomy":"post_tag","embeddable":true,"href":"https:\/\/balatonkeresztur.plebania.hu\/index.php\/wp-json\/wp\/v2\/tags?post=805"}],"curies":[{"name":"wp","href":"https:\/\/api.w.org\/{rel}","templated":true}]}}