{"id":803,"date":"2022-07-30T16:02:13","date_gmt":"2022-07-30T16:02:13","guid":{"rendered":"https:\/\/balatonkeresztur.plebania.hu\/?p=803"},"modified":"2022-07-30T16:02:13","modified_gmt":"2022-07-30T16:02:13","slug":"lelki-nap","status":"publish","type":"post","link":"https:\/\/balatonkeresztur.plebania.hu\/index.php\/2022\/07\/30\/lelki-nap\/","title":{"rendered":"Lelki nap"},"content":{"rendered":"\n<p>Augusztus 13-\u00e1n, szombaton lelki napot tartunk a pl\u00e9b\u00e1ni\u00e1n. A lelki nap vezet\u0151 a <a rel=\"noreferrer noopener\" href=\"http:\/\/szfkisnoverei.communio.hu\/\" target=\"_blank\">Szent Ferenc Kisn\u0151v\u00e9rei<\/a> lesznek.<\/p>\n\n\n\n<!--more-->\n\n\n\n<p>Tervezett program:<br>9.30-t\u00f3l gondolat\u00e9breszt\u0151 (tan\u00edt\u00e1s) &#8222;Er\u0151forr\u00e1sunk a L\u00e9lek&#8221; c\u00edmmel<br>ut\u00e1na: szents\u00e9gim\u00e1d\u00e1s (csendben, \u00e9nekek, git\u00e1r \u00e9s heged\u0171 k\u00eds\u00e9rettel \u00e9s kis szem\u00e9lyes hang\u00fa im\u00e1k seg\u00edts\u00e9g\u00e9vel m\u00e9lyebbre engedj\u00fck magunkban a hallottakat)<br>eb\u00e9dsz\u00fcnet<br>13 \u00f3r\u00e1t\u00f3l: f\u00f3rum (teret adva a k\u00e9rd\u00e9seknek, besz\u00e9lget\u00e9snek)<br>14.30: szentmise<\/p>\n","protected":false},"excerpt":{"rendered":"<p>Augusztus 13-\u00e1n, szombaton lelki napot tartunk a pl\u00e9b\u00e1ni\u00e1n. A lelki nap vezet\u0151 a Szent Ferenc Kisn\u0151v\u00e9rei lesznek.<\/p>\n","protected":false},"author":1,"featured_media":0,"comment_status":"closed","ping_status":"open","sticky":false,"template":"","format":"standard","meta":{"footnotes":""},"categories":[1],"tags":[],"class_list":["post-803","post","type-post","status-publish","format-standard","hentry","category-egyeb"],"_links":{"self":[{"href":"https:\/\/balatonkeresztur.plebania.hu\/index.php\/wp-json\/wp\/v2\/posts\/803","targetHints":{"allow":["GET"]}}],"collection":[{"href":"https:\/\/balatonkeresztur.plebania.hu\/index.php\/wp-json\/wp\/v2\/posts"}],"about":[{"href":"https:\/\/balatonkeresztur.plebania.hu\/index.php\/wp-json\/wp\/v2\/types\/post"}],"author":[{"embeddable":true,"href":"https:\/\/balatonkeresztur.plebania.hu\/index.php\/wp-json\/wp\/v2\/users\/1"}],"replies":[{"embeddable":true,"href":"https:\/\/balatonkeresztur.plebania.hu\/index.php\/wp-json\/wp\/v2\/comments?post=803"}],"version-history":[{"count":1,"href":"https:\/\/balatonkeresztur.plebania.hu\/index.php\/wp-json\/wp\/v2\/posts\/803\/revisions"}],"predecessor-version":[{"id":804,"href":"https:\/\/balatonkeresztur.plebania.hu\/index.php\/wp-json\/wp\/v2\/posts\/803\/revisions\/804"}],"wp:attachment":[{"href":"https:\/\/balatonkeresztur.plebania.hu\/index.php\/wp-json\/wp\/v2\/media?parent=803"}],"wp:term":[{"taxonomy":"category","embeddable":true,"href":"https:\/\/balatonkeresztur.plebania.hu\/index.php\/wp-json\/wp\/v2\/categories?post=803"},{"taxonomy":"post_tag","embeddable":true,"href":"https:\/\/balatonkeresztur.plebania.hu\/index.php\/wp-json\/wp\/v2\/tags?post=803"}],"curies":[{"name":"wp","href":"https:\/\/api.w.org\/{rel}","templated":true}]}}