{"id":795,"date":"2022-07-10T14:53:31","date_gmt":"2022-07-10T14:53:31","guid":{"rendered":"https:\/\/balatonkeresztur.plebania.hu\/?p=795"},"modified":"2022-07-10T19:08:00","modified_gmt":"2022-07-10T19:08:00","slug":"ujmise","status":"publish","type":"post","link":"https:\/\/balatonkeresztur.plebania.hu\/index.php\/2022\/07\/10\/ujmise\/","title":{"rendered":"\u00dajmise"},"content":{"rendered":"\n<p>A mai napon a &#8222;frissen szentelt&#8221; T\u00fctt\u0151 \u00c1goston atya volt a vend\u00e9g\u00fcnk.<\/p>\n\n\n\n<!--more-->\n\n\n\n<p>D\u00e9lel\u0151tt a pl\u00e9b\u00e1niatemplomban, d\u00e9lut\u00e1n\/este a balatonm\u00e1riai templomban r\u00e9szes\u00edtett benn\u00fcnket \u00fajmis\u00e9s \u00e1ld\u00e1sban. Balatonkereszt\u00faron az \u00fcnnep f\u00e9ny\u00e9t emelte, hogy volt piarista di\u00e1kok (k\u00f6zt\u00fck \u00c1goston atya egyik oszt\u00e1lyt\u00e1rsa is) is jelen voltak. A J\u00f3 Isten seg\u00edtse \u00c1goston aty\u00e1t \u00e9s tegye igazi J\u00f3 P\u00e1sztorr\u00e1!<\/p>\n\n\n\n<figure class=\"wp-block-image size-full is-resized\"><a href=\"https:\/\/photos.app.goo.gl\/oSpYeqwwjcXBLTEv9\" target=\"_blank\" rel=\"noopener\"><img loading=\"lazy\" decoding=\"async\" src=\"https:\/\/balatonkeresztur.plebania.hu\/wp-content\/uploads\/2022\/07\/agoston.jpg\" alt=\"\" class=\"wp-image-797\" width=\"254\" height=\"207\"\/><\/a><\/figure>\n\n\n\n<p><\/p>\n","protected":false},"excerpt":{"rendered":"<p>A mai napon a &#8222;frissen szentelt&#8221; T\u00fctt\u0151 \u00c1goston atya volt a vend\u00e9g\u00fcnk.<\/p>\n","protected":false},"author":1,"featured_media":0,"comment_status":"closed","ping_status":"open","sticky":false,"template":"","format":"standard","meta":{"footnotes":""},"categories":[1],"tags":[],"class_list":["post-795","post","type-post","status-publish","format-standard","hentry","category-egyeb"],"_links":{"self":[{"href":"https:\/\/balatonkeresztur.plebania.hu\/index.php\/wp-json\/wp\/v2\/posts\/795","targetHints":{"allow":["GET"]}}],"collection":[{"href":"https:\/\/balatonkeresztur.plebania.hu\/index.php\/wp-json\/wp\/v2\/posts"}],"about":[{"href":"https:\/\/balatonkeresztur.plebania.hu\/index.php\/wp-json\/wp\/v2\/types\/post"}],"author":[{"embeddable":true,"href":"https:\/\/balatonkeresztur.plebania.hu\/index.php\/wp-json\/wp\/v2\/users\/1"}],"replies":[{"embeddable":true,"href":"https:\/\/balatonkeresztur.plebania.hu\/index.php\/wp-json\/wp\/v2\/comments?post=795"}],"version-history":[{"count":4,"href":"https:\/\/balatonkeresztur.plebania.hu\/index.php\/wp-json\/wp\/v2\/posts\/795\/revisions"}],"predecessor-version":[{"id":801,"href":"https:\/\/balatonkeresztur.plebania.hu\/index.php\/wp-json\/wp\/v2\/posts\/795\/revisions\/801"}],"wp:attachment":[{"href":"https:\/\/balatonkeresztur.plebania.hu\/index.php\/wp-json\/wp\/v2\/media?parent=795"}],"wp:term":[{"taxonomy":"category","embeddable":true,"href":"https:\/\/balatonkeresztur.plebania.hu\/index.php\/wp-json\/wp\/v2\/categories?post=795"},{"taxonomy":"post_tag","embeddable":true,"href":"https:\/\/balatonkeresztur.plebania.hu\/index.php\/wp-json\/wp\/v2\/tags?post=795"}],"curies":[{"name":"wp","href":"https:\/\/api.w.org\/{rel}","templated":true}]}}