{"id":79,"date":"2018-08-21T19:05:43","date_gmt":"2018-08-21T19:05:43","guid":{"rendered":"http:\/\/balatonkeresztur.plebania.hu\/?p=79"},"modified":"2018-08-22T19:14:11","modified_gmt":"2018-08-22T19:14:11","slug":"augusztus-20","status":"publish","type":"post","link":"https:\/\/balatonkeresztur.plebania.hu\/index.php\/2018\/08\/21\/augusztus-20\/","title":{"rendered":"Augusztus 20."},"content":{"rendered":"<p>\u00d6kumenikus istentisztelettel, szentmis\u00e9vel, keny\u00e9rmeg\u00e1ld\u00e1ssal \u00fcnnepelt\u00fck augusztus 20-\u00e1t.<!--more--><a href=\"http:\/\/balatonkeresztur.plebania.hu\/wp-content\/uploads\/2018\/08\/aug202.jpg\" target=\"_blank\" rel=\"noopener\"><img loading=\"lazy\" decoding=\"async\" class=\"alignleft wp-image-81 size-thumbnail\" src=\"http:\/\/balatonkeresztur.plebania.hu\/wp-content\/uploads\/2018\/08\/aug202-150x150.jpg\" alt=\"\" width=\"150\" height=\"150\" \/><\/a>\u00a0 D\u00e9lel\u0151tt Balatonfenyvesen 10 \u00f3ra 30kor \u00f6kumenikus istentiszteletet tartottunk Hal\u00e1sz No\u00e9mi, reform\u00e1tus <a href=\"http:\/\/balatonkeresztur.plebania.hu\/wp-content\/uploads\/2018\/08\/aug203.jpg\" target=\"_blank\" rel=\"noopener\"><img loading=\"lazy\" decoding=\"async\" class=\"alignright wp-image-83 size-thumbnail\" src=\"http:\/\/balatonkeresztur.plebania.hu\/wp-content\/uploads\/2018\/08\/aug203-150x150.jpg\" alt=\"\" width=\"150\" height=\"150\" \/><\/a>lelk\u00e9sszel k\u00f6z\u00f6sen, majd Lomb\u00e1r G\u00e1bor polg\u00e1rmester \u00fcnnepi besz\u00e9de ut\u00e1n egy\u00fctt \u00e1ldottuk meg az \u00daj Kenyeret, melyet &#8222;megt\u00f6rt\u00fcnk&#8221; a jelenl\u00e9v\u0151 \u00fcnnepl\u0151 k\u00f6z\u00f6ss\u00e9gnek.<\/p>\n<p>18 \u00f3rakor Balatonm\u00e1ri\u00e1n \u00fcnnepi szentmis\u00e9n vehett\u00fcnk r\u00e9szt a B\u00e1rdos Lajos N\u0151i Kar k\u00f6zrem\u0171k\u00f6d\u00e9s\u00e9vel, melyet szint\u00e9n az \u00daj Keny\u00e9r meg\u00e1ld\u00e1sa k\u00f6vetett. Az \u00fajonnan meg\u00e1ldott kenyeret Gal\u00e1cz Gy\u00f6rgy polg\u00e1rmester szegte meg \u00e9s osztotta ki a jelenl\u00e9v\u0151k k\u00f6z\u00f6tt.<\/p>\n<p>Ezut\u00e1n a Balaton M&amp;K F\u00fav\u00f3szenekar k\u00eds\u00e9ret\u00e9ben vonultunk a k\u00f6zponti strand szabadt\u00e9ri sz\u00ednpad\u00e1hoz, ahol k\u00f6tetlen\u00fcl folytat\u00f3dhatott az \u00fcnnepl\u00e9s.<\/p>\n","protected":false},"excerpt":{"rendered":"<p>\u00d6kumenikus istentisztelettel, szentmis\u00e9vel, keny\u00e9rmeg\u00e1ld\u00e1ssal \u00fcnnepelt\u00fck augusztus 20-\u00e1t.<\/p>\n","protected":false},"author":1,"featured_media":0,"comment_status":"closed","ping_status":"open","sticky":false,"template":"","format":"standard","meta":{"footnotes":""},"categories":[1],"tags":[],"class_list":["post-79","post","type-post","status-publish","format-standard","hentry","category-egyeb"],"_links":{"self":[{"href":"https:\/\/balatonkeresztur.plebania.hu\/index.php\/wp-json\/wp\/v2\/posts\/79","targetHints":{"allow":["GET"]}}],"collection":[{"href":"https:\/\/balatonkeresztur.plebania.hu\/index.php\/wp-json\/wp\/v2\/posts"}],"about":[{"href":"https:\/\/balatonkeresztur.plebania.hu\/index.php\/wp-json\/wp\/v2\/types\/post"}],"author":[{"embeddable":true,"href":"https:\/\/balatonkeresztur.plebania.hu\/index.php\/wp-json\/wp\/v2\/users\/1"}],"replies":[{"embeddable":true,"href":"https:\/\/balatonkeresztur.plebania.hu\/index.php\/wp-json\/wp\/v2\/comments?post=79"}],"version-history":[{"count":6,"href":"https:\/\/balatonkeresztur.plebania.hu\/index.php\/wp-json\/wp\/v2\/posts\/79\/revisions"}],"predecessor-version":[{"id":87,"href":"https:\/\/balatonkeresztur.plebania.hu\/index.php\/wp-json\/wp\/v2\/posts\/79\/revisions\/87"}],"wp:attachment":[{"href":"https:\/\/balatonkeresztur.plebania.hu\/index.php\/wp-json\/wp\/v2\/media?parent=79"}],"wp:term":[{"taxonomy":"category","embeddable":true,"href":"https:\/\/balatonkeresztur.plebania.hu\/index.php\/wp-json\/wp\/v2\/categories?post=79"},{"taxonomy":"post_tag","embeddable":true,"href":"https:\/\/balatonkeresztur.plebania.hu\/index.php\/wp-json\/wp\/v2\/tags?post=79"}],"curies":[{"name":"wp","href":"https:\/\/api.w.org\/{rel}","templated":true}]}}