{"id":757,"date":"2022-04-14T05:39:16","date_gmt":"2022-04-14T05:39:16","guid":{"rendered":"https:\/\/balatonkeresztur.plebania.hu\/?p=757"},"modified":"2022-05-24T09:22:29","modified_gmt":"2022-05-24T09:22:29","slug":"husvet-es-a-husveti-szent-harom-nap-liturgiaja-2","status":"publish","type":"post","link":"https:\/\/balatonkeresztur.plebania.hu\/index.php\/2022\/04\/14\/husvet-es-a-husveti-szent-harom-nap-liturgiaja-2\/","title":{"rendered":"H\u00fasv\u00e9t \u00e9s a h\u00fasv\u00e9ti Szent H\u00e1rom Nap liturgi\u00e1ja"},"content":{"rendered":"\n<p>A szertart\u00e1sok rendje a h\u00fasv\u00e9ti \u00fcnnepk\u00f6rben \u00edgy alakul:<\/p>\n\n\n\n<!--more-->\n\n\n\n<p>Balatonkereszt\u00far: Nagycs\u00fct\u00f6rt\u00f6k 17 \u00f3ra<br>Balatonkereszt\u00far: Nagyp\u00e9ntek 17 \u00f3ra <br>Balatonkereszt\u00far: Nagyszombat (H\u00fasv\u00e9t Vig\u00edli\u00e1ja) 20 \u00f3ra <\/p>\n\n\n\n<p><strong>H\u00fasv\u00e9t: <\/strong><br><strong>H\u00fasv\u00e9ti \u00e9telek meg\u00e1ld\u00e1sa:<\/strong><br>Balatonkereszt\u00far: 7 \u00f3ra<br><strong>Szentmise:<\/strong><br>Balatonkereszt\u00far: 9 \u00f3ra 30<br>Balatonm\u00e1riaf\u00fcrd\u0151: 17 \u00f3ra<\/p>\n\n\n\n<p><strong>H\u00fasv\u00e9t H\u00e9tf\u0151:<\/strong><br>Balatonkereszt\u00far: 9 \u00f3ra 30<br>Balatonm\u00e1riaf\u00fcrd\u0151: 17 \u00f3ra <\/p>\n\n\n\n<p><\/p>\n","protected":false},"excerpt":{"rendered":"<p>A szertart\u00e1sok rendje a h\u00fasv\u00e9ti \u00fcnnepk\u00f6rben \u00edgy alakul:<\/p>\n","protected":false},"author":1,"featured_media":0,"comment_status":"closed","ping_status":"closed","sticky":false,"template":"","format":"standard","meta":{"footnotes":""},"categories":[1],"tags":[],"class_list":["post-757","post","type-post","status-publish","format-standard","hentry","category-egyeb"],"_links":{"self":[{"href":"https:\/\/balatonkeresztur.plebania.hu\/index.php\/wp-json\/wp\/v2\/posts\/757","targetHints":{"allow":["GET"]}}],"collection":[{"href":"https:\/\/balatonkeresztur.plebania.hu\/index.php\/wp-json\/wp\/v2\/posts"}],"about":[{"href":"https:\/\/balatonkeresztur.plebania.hu\/index.php\/wp-json\/wp\/v2\/types\/post"}],"author":[{"embeddable":true,"href":"https:\/\/balatonkeresztur.plebania.hu\/index.php\/wp-json\/wp\/v2\/users\/1"}],"replies":[{"embeddable":true,"href":"https:\/\/balatonkeresztur.plebania.hu\/index.php\/wp-json\/wp\/v2\/comments?post=757"}],"version-history":[{"count":3,"href":"https:\/\/balatonkeresztur.plebania.hu\/index.php\/wp-json\/wp\/v2\/posts\/757\/revisions"}],"predecessor-version":[{"id":760,"href":"https:\/\/balatonkeresztur.plebania.hu\/index.php\/wp-json\/wp\/v2\/posts\/757\/revisions\/760"}],"wp:attachment":[{"href":"https:\/\/balatonkeresztur.plebania.hu\/index.php\/wp-json\/wp\/v2\/media?parent=757"}],"wp:term":[{"taxonomy":"category","embeddable":true,"href":"https:\/\/balatonkeresztur.plebania.hu\/index.php\/wp-json\/wp\/v2\/categories?post=757"},{"taxonomy":"post_tag","embeddable":true,"href":"https:\/\/balatonkeresztur.plebania.hu\/index.php\/wp-json\/wp\/v2\/tags?post=757"}],"curies":[{"name":"wp","href":"https:\/\/api.w.org\/{rel}","templated":true}]}}