{"id":754,"date":"2022-04-11T05:24:01","date_gmt":"2022-04-11T05:24:01","guid":{"rendered":"https:\/\/balatonkeresztur.plebania.hu\/?p=754"},"modified":"2022-04-11T05:24:01","modified_gmt":"2022-04-11T05:24:01","slug":"viragvasarnap-2","status":"publish","type":"post","link":"https:\/\/balatonkeresztur.plebania.hu\/index.php\/2022\/04\/11\/viragvasarnap-2\/","title":{"rendered":"Vir\u00e1gvas\u00e1rnap"},"content":{"rendered":"\n<p>Vir\u00e1gvas\u00e1rnap vend\u00e9g\u00fcnk volt Nagy B\u00e1lint SJ atya.<\/p>\n\n\n\n<!--more-->\n\n\n\n<p>A tal\u00e1lkoz\u00e1s ut\u00e1n B\u00e1lint atya a k\u00f6vetkez\u0151 \u00fczenetet k\u00fcldte sz\u00e1munkra:<\/p>\n\n\n\n<p><strong>Kedves&nbsp;<\/strong><strong>Balatonkereszt\u00fari Pl\u00e9b\u00e1niai K\u00f6z\u00f6ss\u00e9g!&nbsp;<\/strong><\/p>\n\n\n\n<p>Nagy B\u00e1lint jezsuita atya vagyok, ma tal\u00e1lkoztunk a vir\u00e1gvas\u00e1rnapi reggeli szentmis\u00e9n, ill. a d\u00e9lut\u00e1ni besz\u00e9lget\u00e9sen. Ha az im\u00e1ds\u00e1gr\u00f3l val\u00f3 besz\u00e9lget\u00e9s t\u00e9m\u00e1inak folytat\u00e1sak\u00e9nt sz\u00edvesen kapcsol\u00f3dn\u00e1nak egy 12 r\u00e9szes lelkis\u00e9gi online vide\u00f3 sorozathoz, \u00f6r\u00f6mmel h\u00edvom \u00f6n\u00f6ket. Montserrat vlog a neve. N\u00e9gy nagy lelkis\u00e9gi t\u00e9m\u00e1t fogunk k\u00f6r\u00fclj\u00e1rni impulzusokkal, besz\u00e9lget\u00e9sekkel \u00e9s gyakorlatokkal.&nbsp;<\/p>\n\n\n\n<p>Ha folytatn\u00e1k a k\u00f6z\u00f6s gondolkod\u00e1st, besz\u00e9lget\u00e9st lelkis\u00e9gi t\u00e9m\u00e1kr\u00f3l, csatlakozzanak hozz\u00e1nk&nbsp;a feliratkoz\u00e1s gomb megnyom\u00e1s\u00e1val.<\/p>\n\n\n\n<p>a YouTube-on: <a href=\"https:\/\/www.youtube.com\/montserratvlog\" target=\"_blank\" rel=\"noreferrer noopener\">https:\/\/www.youtube.com\/montserratvlog<\/a>&nbsp;&nbsp;<\/p>\n\n\n\n<p>a Facebookon: <a rel=\"noreferrer noopener\" href=\"https:\/\/www.facebook.com\/montserratvlog\" target=\"_blank\">https:\/\/www.facebook.com\/montserratvlog<\/a>\u00a0<\/p>\n\n\n\n<p>ill. az Istagramon is:\u00a0<a rel=\"noreferrer noopener\" href=\"https:\/\/www.instagram.com\/montserratvlog\" target=\"_blank\">https:\/\/www.instagram.com\/montserratvlog<\/a><\/p>\n\n\n\n<p>Az els\u0151 r\u00e9szekben a h\u00e9tk\u00f6znapi im\u00e1ds\u00e1g, hit lesz a t\u00e9m\u00e1nk. V\u00e1rom \u00d6n\u00f6ket szeretettel, j\u00f3 folytat\u00e1sa lehet a mai napnak.&nbsp;<\/p>\n\n\n\n<p>B\u00e1lint atya<\/p>\n\n\n\n<p>a k\u00e9pre kattintva n\u00e9h\u00e1ny fot\u00f3val felid\u00e9zhetj\u00fck a d\u00e9lut\u00e1ni besz\u00e9lget\u00e9st:<\/p>\n\n\n\n<figure class=\"wp-block-image size-full is-resized\"><a href=\"https:\/\/photos.app.goo.gl\/5PJaVJ8mRUhzMTXH9\" target=\"_blank\" rel=\"noopener\"><img loading=\"lazy\" decoding=\"async\" src=\"https:\/\/balatonkeresztur.plebania.hu\/wp-content\/uploads\/2022\/04\/nb.jpg\" alt=\"\" class=\"wp-image-755\" width=\"376\" height=\"489\" srcset=\"https:\/\/balatonkeresztur.plebania.hu\/wp-content\/uploads\/2022\/04\/nb.jpg 799w, https:\/\/balatonkeresztur.plebania.hu\/wp-content\/uploads\/2022\/04\/nb-768x999.jpg 768w\" sizes=\"auto, (max-width: 376px) 100vw, 376px\" \/><\/a><\/figure>\n","protected":false},"excerpt":{"rendered":"<p>Vir\u00e1gvas\u00e1rnap vend\u00e9g\u00fcnk volt Nagy B\u00e1lint SJ atya.<\/p>\n","protected":false},"author":1,"featured_media":0,"comment_status":"closed","ping_status":"open","sticky":false,"template":"","format":"standard","meta":{"footnotes":""},"categories":[1],"tags":[],"class_list":["post-754","post","type-post","status-publish","format-standard","hentry","category-egyeb"],"_links":{"self":[{"href":"https:\/\/balatonkeresztur.plebania.hu\/index.php\/wp-json\/wp\/v2\/posts\/754","targetHints":{"allow":["GET"]}}],"collection":[{"href":"https:\/\/balatonkeresztur.plebania.hu\/index.php\/wp-json\/wp\/v2\/posts"}],"about":[{"href":"https:\/\/balatonkeresztur.plebania.hu\/index.php\/wp-json\/wp\/v2\/types\/post"}],"author":[{"embeddable":true,"href":"https:\/\/balatonkeresztur.plebania.hu\/index.php\/wp-json\/wp\/v2\/users\/1"}],"replies":[{"embeddable":true,"href":"https:\/\/balatonkeresztur.plebania.hu\/index.php\/wp-json\/wp\/v2\/comments?post=754"}],"version-history":[{"count":1,"href":"https:\/\/balatonkeresztur.plebania.hu\/index.php\/wp-json\/wp\/v2\/posts\/754\/revisions"}],"predecessor-version":[{"id":756,"href":"https:\/\/balatonkeresztur.plebania.hu\/index.php\/wp-json\/wp\/v2\/posts\/754\/revisions\/756"}],"wp:attachment":[{"href":"https:\/\/balatonkeresztur.plebania.hu\/index.php\/wp-json\/wp\/v2\/media?parent=754"}],"wp:term":[{"taxonomy":"category","embeddable":true,"href":"https:\/\/balatonkeresztur.plebania.hu\/index.php\/wp-json\/wp\/v2\/categories?post=754"},{"taxonomy":"post_tag","embeddable":true,"href":"https:\/\/balatonkeresztur.plebania.hu\/index.php\/wp-json\/wp\/v2\/tags?post=754"}],"curies":[{"name":"wp","href":"https:\/\/api.w.org\/{rel}","templated":true}]}}