{"id":748,"date":"2022-03-27T05:09:28","date_gmt":"2022-03-27T05:09:28","guid":{"rendered":"https:\/\/balatonkeresztur.plebania.hu\/?p=748"},"modified":"2022-03-28T07:15:19","modified_gmt":"2022-03-28T07:15:19","slug":"viragvasarnapi-lelki-nap","status":"publish","type":"post","link":"https:\/\/balatonkeresztur.plebania.hu\/index.php\/2022\/03\/27\/viragvasarnapi-lelki-nap\/","title":{"rendered":"Vir\u00e1gvas\u00e1rnapi lelki nap"},"content":{"rendered":"\n<p>\u00c1prilis 10-\u00e9n, Vir\u00e1gvas\u00e1rnap vend\u00e9g\u00fcnk lesz <a href=\"https:\/\/arckepcsarnok.jezsuita.hu\/nagy-balint\/\" target=\"_blank\" rel=\"noreferrer noopener\">Nagy B\u00e1lint SJ<\/a> atya.  A 9.30-kor kezd\u0151d\u0151 szentmis\u00e9ben tal\u00e1lkozhatunk vele, majd 14 \u00f3r\u00e1t\u00f3l a Szent Istv\u00e1n H\u00e1zban &#8222;Az igazi \u00f6r\u00f6m a b\u00f6jt gy\u00fcm\u00f6lcse&#8221; c\u00edmmel tart elm\u00e9lked\u00e9st. Sok szeretettel v\u00e1runk mindenkit! <\/p>\n\n\n\n<!--more-->\n","protected":false},"excerpt":{"rendered":"<p>\u00c1prilis 10-\u00e9n, Vir\u00e1gvas\u00e1rnap vend\u00e9g\u00fcnk lesz Nagy B\u00e1lint SJ atya. A 9.30-kor kezd\u0151d\u0151 szentmis\u00e9ben tal\u00e1lkozhatunk vele, majd 14 \u00f3r\u00e1t\u00f3l a Szent Istv\u00e1n H\u00e1zban &#8222;Az igazi \u00f6r\u00f6m a b\u00f6jt gy\u00fcm\u00f6lcse&#8221; c\u00edmmel tart elm\u00e9lked\u00e9st. Sok szeretettel v\u00e1runk mindenkit!<\/p>\n","protected":false},"author":1,"featured_media":0,"comment_status":"closed","ping_status":"open","sticky":false,"template":"","format":"standard","meta":{"footnotes":""},"categories":[1],"tags":[],"class_list":["post-748","post","type-post","status-publish","format-standard","hentry","category-egyeb"],"_links":{"self":[{"href":"https:\/\/balatonkeresztur.plebania.hu\/index.php\/wp-json\/wp\/v2\/posts\/748","targetHints":{"allow":["GET"]}}],"collection":[{"href":"https:\/\/balatonkeresztur.plebania.hu\/index.php\/wp-json\/wp\/v2\/posts"}],"about":[{"href":"https:\/\/balatonkeresztur.plebania.hu\/index.php\/wp-json\/wp\/v2\/types\/post"}],"author":[{"embeddable":true,"href":"https:\/\/balatonkeresztur.plebania.hu\/index.php\/wp-json\/wp\/v2\/users\/1"}],"replies":[{"embeddable":true,"href":"https:\/\/balatonkeresztur.plebania.hu\/index.php\/wp-json\/wp\/v2\/comments?post=748"}],"version-history":[{"count":4,"href":"https:\/\/balatonkeresztur.plebania.hu\/index.php\/wp-json\/wp\/v2\/posts\/748\/revisions"}],"predecessor-version":[{"id":752,"href":"https:\/\/balatonkeresztur.plebania.hu\/index.php\/wp-json\/wp\/v2\/posts\/748\/revisions\/752"}],"wp:attachment":[{"href":"https:\/\/balatonkeresztur.plebania.hu\/index.php\/wp-json\/wp\/v2\/media?parent=748"}],"wp:term":[{"taxonomy":"category","embeddable":true,"href":"https:\/\/balatonkeresztur.plebania.hu\/index.php\/wp-json\/wp\/v2\/categories?post=748"},{"taxonomy":"post_tag","embeddable":true,"href":"https:\/\/balatonkeresztur.plebania.hu\/index.php\/wp-json\/wp\/v2\/tags?post=748"}],"curies":[{"name":"wp","href":"https:\/\/api.w.org\/{rel}","templated":true}]}}