{"id":746,"date":"2022-03-27T05:00:55","date_gmt":"2022-03-27T05:00:55","guid":{"rendered":"https:\/\/balatonkeresztur.plebania.hu\/?p=746"},"modified":"2022-05-24T09:22:40","modified_gmt":"2022-05-24T09:22:40","slug":"folytatjuk-az-adomanyok-gyujteset","status":"publish","type":"post","link":"https:\/\/balatonkeresztur.plebania.hu\/index.php\/2022\/03\/27\/folytatjuk-az-adomanyok-gyujteset\/","title":{"rendered":"Folytatjuk az adom\u00e1nyok gy\u0171jt\u00e9s\u00e9t"},"content":{"rendered":"\n<p>A Balatonkereszt\u00fari Karit\u00e1sz Csoport a tov\u00e1bbiakban is folytatja az Orosz-Ukr\u00e1n h\u00e1bor\u00fa miatt haz\u00e1nkba \u00e9rkez\u0151 menek\u00fcltek fogad\u00e1s\u00e1ra \u00e9s ell\u00e1t\u00e1s\u00e1ra tart\u00f3s \u00e9lelmiszer -\u00e9s h\u00e1ztart\u00e1si cikk adom\u00e1nyok gy\u0171jt\u00e9s\u00e9t.<\/p>\n\n\n\n<figure class=\"wp-block-image size-full\"><img loading=\"lazy\" decoding=\"async\" width=\"48\" height=\"74\" src=\"https:\/\/balatonkeresztur.plebania.hu\/wp-content\/uploads\/2022\/03\/kep.png\" alt=\"\" class=\"wp-image-729\"\/><\/figure>\n\n\n\n<!--more-->\n\n\n\n<p>A karit\u00e1sz csoport 25-\u00e9n p\u00e9nteken vitte le az els\u0151 sz\u00e1ll\u00edtm\u00e1nyt Kaposv\u00e1rra, onnan tov\u00e1bb\u00edtj\u00e1k majd a hat\u00e1rra. \u00d6sszesen 62 kg \u00e9lelmiszer \u00e9s 50kg h\u00e1ztart\u00e1si cikk gy\u0171lt \u00f6ssze, amelyet nagyon k\u00f6sz\u00f6n\u00fcnk a t\u00e1mogatottak nev\u00e9ben is. A tov\u00e1bbiakban folyamatosan gy\u0171jtj\u00fck az eddig hirdetett \u00e9lelmiszereket, h\u00e1ztart\u00e1si cikkeket.<\/p>\n\n\n\n<p><strong><em>A gy\u0171jt\u00e9s helye: Balatonkereszt\u00far, Szent Istv\u00e1n h\u00e1z.<\/em><\/strong><\/p>\n\n\n\n<p><strong><em>A gy\u0171jt\u00e9s id\u0151pontja: P\u00e9ntek.: 17.30-18.00 \u00f3r\u00e1ig<\/em><\/strong><\/p>\n\n\n\n<p><strong><em>&nbsp;&nbsp;&nbsp;&nbsp;&nbsp;&nbsp;&nbsp;&nbsp;&nbsp;&nbsp;&nbsp;&nbsp;&nbsp;&nbsp;&nbsp;&nbsp;&nbsp;&nbsp; &nbsp;&nbsp;&nbsp;&nbsp;&nbsp; &nbsp;&nbsp;&nbsp;&nbsp;&nbsp;&nbsp;&nbsp;Vas\u00e1rnap: 8.45-9.15 \u00f3r\u00e1ig.<\/em><\/strong><\/p>\n\n\n\n<p>A hat\u00e1rr\u00f3l \u00e9rkezett inform\u00e1ci\u00f3 szerint a kaposv\u00e1ri k\u00f6zpont k\u00e9r\u00e9se, hogy az al\u00e1bbi adom\u00e1nyokkal t\u00e1mogass\u00e1k a neh\u00e9z helyzetben l\u00e9v\u0151 embert\u00e1rsaikat:<\/p>\n\n\n\n<ul class=\"wp-block-list\"><li><strong><em>olyan tart\u00f3s \u00e9lelmiszerek, amelyek f\u0151z\u00e9s n\u00e9lk\u00fcl fogyaszthat\u00f3ak pl. konzerv, m\u00e1jkr\u00e9m<\/em><\/strong><\/li><li><strong><em>a sok gyermek r\u00e9sz\u00e9re b\u00e9bi\u00e9tel, keksz, n\u00e1polyi<\/em><\/strong><\/li><li><strong><em>tiszt\u00e1lkod\u00f3szerek, WC pap\u00edr<\/em><\/strong><\/li><li><strong><em>n\u0151k r\u00e9sz\u00e9re eg\u00e9szs\u00e9g\u00fcgyi bet\u00e9t<\/em><\/strong><\/li><\/ul>\n\n\n\n<p><strong><em>B\u0151vebb inform\u00e1ci\u00f3 k\u00e9rhet\u0151 az al\u00e1bbi telefonsz\u00e1mon: 30\/425-4549.<\/em><\/strong><\/p>\n\n\n\n<p><strong><em>Seg\u00edts\u00e9g\u00fcket el\u0151re is k\u00f6sz\u00f6nj\u00fck.<\/em><\/strong><\/p>\n\n\n\n<p><strong><em>&nbsp;&nbsp;&nbsp;&nbsp;&nbsp;&nbsp;&nbsp;&nbsp;&nbsp;&nbsp;&nbsp;&nbsp;&nbsp;&nbsp;&nbsp;&nbsp;&nbsp;&nbsp;&nbsp;&nbsp;&nbsp;&nbsp;&nbsp;&nbsp;&nbsp;&nbsp;&nbsp;&nbsp;&nbsp;&nbsp;&nbsp;&nbsp;&nbsp;&nbsp;&nbsp;&nbsp;&nbsp;&nbsp;&nbsp;&nbsp;&nbsp;&nbsp;&nbsp;&nbsp;&nbsp;&nbsp;&nbsp;&nbsp;&nbsp;&nbsp;&nbsp;&nbsp;&nbsp;&nbsp;&nbsp;&nbsp;&nbsp;&nbsp;&nbsp;&nbsp;&nbsp;&nbsp;&nbsp;&nbsp;&nbsp; Balatonkereszt\u00fari Karit\u00e1sz Csoport<\/em><\/strong><\/p>\n","protected":false},"excerpt":{"rendered":"<p>A Balatonkereszt\u00fari Karit\u00e1sz Csoport a tov\u00e1bbiakban is folytatja az Orosz-Ukr\u00e1n h\u00e1bor\u00fa miatt haz\u00e1nkba \u00e9rkez\u0151 menek\u00fcltek fogad\u00e1s\u00e1ra \u00e9s ell\u00e1t\u00e1s\u00e1ra tart\u00f3s \u00e9lelmiszer -\u00e9s h\u00e1ztart\u00e1si cikk adom\u00e1nyok gy\u0171jt\u00e9s\u00e9t.<\/p>\n","protected":false},"author":1,"featured_media":0,"comment_status":"closed","ping_status":"closed","sticky":false,"template":"","format":"standard","meta":{"footnotes":""},"categories":[1],"tags":[],"class_list":["post-746","post","type-post","status-publish","format-standard","hentry","category-egyeb"],"_links":{"self":[{"href":"https:\/\/balatonkeresztur.plebania.hu\/index.php\/wp-json\/wp\/v2\/posts\/746","targetHints":{"allow":["GET"]}}],"collection":[{"href":"https:\/\/balatonkeresztur.plebania.hu\/index.php\/wp-json\/wp\/v2\/posts"}],"about":[{"href":"https:\/\/balatonkeresztur.plebania.hu\/index.php\/wp-json\/wp\/v2\/types\/post"}],"author":[{"embeddable":true,"href":"https:\/\/balatonkeresztur.plebania.hu\/index.php\/wp-json\/wp\/v2\/users\/1"}],"replies":[{"embeddable":true,"href":"https:\/\/balatonkeresztur.plebania.hu\/index.php\/wp-json\/wp\/v2\/comments?post=746"}],"version-history":[{"count":1,"href":"https:\/\/balatonkeresztur.plebania.hu\/index.php\/wp-json\/wp\/v2\/posts\/746\/revisions"}],"predecessor-version":[{"id":747,"href":"https:\/\/balatonkeresztur.plebania.hu\/index.php\/wp-json\/wp\/v2\/posts\/746\/revisions\/747"}],"wp:attachment":[{"href":"https:\/\/balatonkeresztur.plebania.hu\/index.php\/wp-json\/wp\/v2\/media?parent=746"}],"wp:term":[{"taxonomy":"category","embeddable":true,"href":"https:\/\/balatonkeresztur.plebania.hu\/index.php\/wp-json\/wp\/v2\/categories?post=746"},{"taxonomy":"post_tag","embeddable":true,"href":"https:\/\/balatonkeresztur.plebania.hu\/index.php\/wp-json\/wp\/v2\/tags?post=746"}],"curies":[{"name":"wp","href":"https:\/\/api.w.org\/{rel}","templated":true}]}}