{"id":740,"date":"2022-03-13T07:33:38","date_gmt":"2022-03-13T07:33:38","guid":{"rendered":"https:\/\/balatonkeresztur.plebania.hu\/?p=740"},"modified":"2022-03-13T07:33:38","modified_gmt":"2022-03-13T07:33:38","slug":"az-mkpk-korlevele-a-2022-evi-nagybojti-tartoselelmiszer-gyujtesrol","status":"publish","type":"post","link":"https:\/\/balatonkeresztur.plebania.hu\/index.php\/2022\/03\/13\/az-mkpk-korlevele-a-2022-evi-nagybojti-tartoselelmiszer-gyujtesrol\/","title":{"rendered":"Az MKPK k\u00f6rlevele a 2022. \u00e9vi nagyb\u00f6jti tart\u00f3s\u00e9lelmiszer-gy\u0171jt\u00e9sr\u0151l"},"content":{"rendered":"\n<p>Az MKPK imm\u00e1r hagyom\u00e1nyos m\u00f3don az idei nagyb\u00f6jtben is tart\u00f3s\u00e9lelmiszer-gy\u0171jt\u00e9st szervez \u201eTart\u00f3s szeretet\u201d c\u00edmmel. A h\u00edvek tart\u00f3s\u00e9lelmiszer-felaj\u00e1nl\u00e1sukat elhelyezhetik a templomokban az erre kijel\u00f6lt helyen m\u00e1rcius 20. \u00e9s 27. k\u00f6z\u00f6tt. Tegy\u00fcnk tan\u00fas\u00e1got az irgalmas szeretet gyakorl\u00e1s\u00e1r\u00f3l az idei nagyb\u00f6jtben is, \u00e9s lehet\u0151s\u00e9geinkhez m\u00e9rten tart\u00f3s\u00e9lelmiszerrel j\u00e1ruljunk hozz\u00e1 a Katolikus Egyh\u00e1z seg\u00e9lyakci\u00f3j\u00e1hoz.<\/p>\n\n\n\n<!--more-->\n\n\n\n<p>Kedves Testv\u00e9rek!<br>Id\u00e9n \u00fajra meghirdetj\u00fck a nagyb\u00f6jti irgalmass\u00e1g gyakorl\u00e1s\u00e1nak \u0151segyh\u00e1zi hagyom\u00e1ny\u00e1t, amikor arra biztatjuk a h\u00edveket, hogy hozz\u00e1k el a szentmis\u00e9kre tart\u00f3s\u00e9lelmiszer-felaj\u00e1nl\u00e1sukat a r\u00e1szorul\u00f3k sz\u00e1m\u00e1ra \u00e9s tegy\u00e9k a templomban az erre kijel\u00f6lt helyre.<br>Az \u0151segyh\u00e1zi forr\u00e1sok k\u00f6z\u00fcl Szent P\u00e1l apostolnak a korintusi egyh\u00e1zk\u00f6zs\u00e9gben meghirdetett adom\u00e1nygy\u0171jt\u00e9s\u00e9t \u00e1ll\u00edtjuk p\u00e9ld\u00e1nak, aki a jeruzs\u00e1lemi kereszt\u00e9nyek megseg\u00edt\u00e9s\u00e9re biztatott.<br><em><br>\u201eTi mindenben kit\u0171nt\u00f6k: a hitben, a sz\u00f3ban, a tud\u00e1sban, minden buzg\u00f3lkod\u00e1sban \u00e9s az ir\u00e1ntunk t\u00e1pl\u00e1lt szeretetben; t\u0171njetek ki teh\u00e1t a j\u00f3t\u00e9konykod\u00e1sban is. Nem parancsk\u00e9nt mondom, hanem m\u00e1sok buzg\u00f3s\u00e1g\u00e1ra hivatkozva szeretetetek \u0151szintes\u00e9g\u00e9t akarom kipr\u00f3b\u00e1lni. Hiszen ismeritek Urunk, J\u00e9zus Krisztus j\u00f3t\u00e9konys\u00e1g\u00e1t. Noha gazdag volt, \u00e9rtetek szeg\u00e9nny\u00e9 lett, hogy szeg\u00e9nys\u00e9ge \u00e1ltal meggazdagodjatok. Erre n\u00e9zve tan\u00e1csot adok nektek, mert javatokra v\u00e1lik. Tavaly \u00f3ta nemcsak, hogy megkezdt\u00e9tek a gy\u0171jt\u00e9st, hanem \u0151szinte sz\u00e1nd\u00e9kotokat is megmutatt\u00e1tok. Most h\u00e1t gyakorlatban is hajts\u00e1tok v\u00e9gre, hogy a k\u00e9szs\u00e9ges akarat tehets\u00e9getekhez m\u00e9rten tett\u00e9 v\u00e1ljon. Ha az akarat k\u00e9szs\u00e9ges, aszerint tetszik (az Istennek), amije van, nem aszerint, amije nincs. Nem az\u00e9rt kell gy\u0171jteni, hogy m\u00e1sok megszabaduljanak a sz\u00fcks\u00e9gt\u0151l, ti meg bajba jussatok, hanem az egyenl\u0151s\u00e9g\u00e9rt. Most az \u0151 sz\u00fcks\u00e9g\u00fcket a ti b\u0151s\u00e9getek enyh\u00edti, hogy majd az \u0151 b\u0151s\u00e9g\u00fck nektek szolg\u00e1ljon sz\u00fcks\u00e9getekben seg\u00edts\u00e9g\u00fcl, s \u00edgy (a javak) kiegyenl\u00edt\u0151djenek. Az \u00cdr\u00e1sban is az \u00e1ll: \u201eAki sokat gy\u0171jt\u00f6tt, nem b\u0151velkedett, aki meg keveset, nem sz\u0171k\u00f6lk\u00f6d\u00f6tt\u201d<\/em>\u00a0(2Kor 8,7-15).<br><br>Kedves Testv\u00e9rek!<br>Nagyb\u00f6jti k\u00f6z\u00f6s zar\u00e1ndokutunkon az Egyh\u00e1z \u00edgy k\u00f6ny\u00f6r\u00f6g:<em>\u00a0\u201eIsten\u00fcnk, minden irgalom \u00e9s j\u00f3s\u00e1g forr\u00e1sa, te a b\u00f6jt, az im\u00e1ds\u00e1g \u00e9s az irgalmas szeretet gyakorl\u00e1sa \u00e1ltal gy\u00f3gyul\u00e1st adsz b\u0171neinkre\u201d\u00a0<\/em>(Nagyb.3.vas.).<br><br>Imm\u00e1ron tizenegyedik alkalommal hirdetj\u00fck meg a nagyb\u00f6jti adom\u00e1nygy\u0171jt\u00e9sben az irgalmas szeretet gyakorl\u00e1s\u00e1nak ezt a form\u00e1j\u00e1t. Az b\u0171nb\u00e1natunk \u00e9s saj\u00e1tos nagyb\u00f6jti liturgikus im\u00e1ds\u00e1gaink \u2013 mint a kereszt\u00fati \u00e1jtatoss\u00e1g \u2013 akkor lesznek gy\u00fcm\u00f6lcs\u00f6z\u0151bbek, ha az irgalmas szeretet gyakorl\u00e1s\u00e1r\u00f3l sem feledkez\u00fcnk meg.<br>Az \u00fajabb hull\u00e1mokban visszat\u00e9r\u0151 vil\u00e1gj\u00e1rv\u00e1ny k\u00f6vetkezm\u00e9nyek\u00e9nt csal\u00e1dok ker\u00fcltek neh\u00e9z helyzetbe, akiknek a Katolikus Karit\u00e1sz mint Egyh\u00e1zunk hivatalos seg\u00e9lyszervezete \u2013 igyekezett seg\u00edt\u0151 kezet ny\u00fajtani. Gazdas\u00e1gi neh\u00e9zs\u00e9geket is hozott mag\u00e1val a j\u00e1rv\u00e1nyvesz\u00e9ly, munkahelyek sz\u0171ntek meg \u00e9s sokakat a l\u00e9tbizonytalans\u00e1g r\u00e9mk\u00e9pe is fenyeget. A Karit\u00e1sz munkat\u00e1rsai, \u00f6nk\u00e9ntesei \u00e9s alkalmi seg\u00edt\u0151i is bekopogtak a csal\u00e1dok, az id\u0151sek ajtaj\u00e1n \u00e9s seg\u00edtettek abban \u00e9s \u00fagy, amire \u00e9ppen sz\u00fcks\u00e9g volt. Gondoskod\u00e1s indult el a b\u00e1trak lelk\u00e9b\u0151l, ami egy nagy szeretetteljes \u00f6sszefog\u00e1ss\u00e1 v\u00e1lt. Ennek a seg\u00edt\u0151 szeretetnek ki kell tartania mindaddig, am\u00edg a csal\u00e1djainknak szenved\u00e9st okoz a j\u00e1rv\u00e1nyhelyzet. Szent P\u00e1l apostol figyelmeztet benn\u00fcnket:\u00a0<em>\u201eHa szenved az egyik tag, valamennyi egy\u00fctt szenved vele\u201d<\/em>\u00a0(1 Kor 12,26).<br><br>Az elm\u00falt esztend\u0151ben m\u00e1r m\u00e1sodik alkalommal nem tudtuk teljess\u00e9g\u00e9ben megval\u00f3s\u00edtani a nagyb\u00f6jti tart\u00f3s\u00e9lelmiszer-gy\u0171jt\u00e9st, mert \u00e9ppen megkezdt\u00fck, de a v\u00edrus elleni v\u00e9dekez\u00e9s k\u00f6vetkezt\u00e9ben csak korl\u00e1tozottan tudunk eljutni liturgi\u00e1kra. \u00dagy t\u0171nik, hogy most ez a vesz\u00e9ly nem fenyeget benn\u00fcnket, \u00edgy m\u00e9g nagyobb buzgalommal vegy\u00fcnk r\u00e9szt az adom\u00e1nyok gy\u0171jt\u00e9s\u00e9ben. Ugyanakkor Ukrajn\u00e1ban h\u00e1bor\u00fas helyzet van, sokan \u00e9rkeznek menek\u00fcltk\u00e9nt Magyarorsz\u00e1gra, a k\u00e1rp\u00e1taljai magyars\u00e1g \u00e9lelme is kifogy\u00f3ban van. Ez\u00e9rt ebben az \u00e9vben a tart\u00f3s \u00e9lelmiszergy\u0171jt\u00e9st ezekre a c\u00e9lokra ford\u00edtja a Katolikus Karit\u00e1sz.<br><br>Tegy\u00fcnk tan\u00fas\u00e1got az irgalmas szeretet gyakorl\u00e1s\u00e1r\u00f3l az idei nagyb\u00f6jtben is, \u00e9s lehet\u0151s\u00e9geinkhez m\u00e9rten tart\u00f3s\u00e9lelmiszerrel j\u00e1ruljunk hozz\u00e1 a Katolikus Egyh\u00e1z seg\u00e9lyakci\u00f3j\u00e1hoz. Ezt megtehetik a j\u00f6v\u0151 heti vas\u00e1rnapi szentmis\u00e9ken \u00e9s az azt k\u00f6vet\u0151 h\u00e9tk\u00f6znapokon, m\u00e1rcius 20-27 k\u00f6z\u00f6tt.<br><br>A kor\u00e1bbi \u00e9vekben meghirdetett gy\u0171jt\u00e9s\u00fcnk eredm\u00e9nyek\u00e9ppen csal\u00e1dok ezreit tudtuk seg\u00edteni azokkal a seg\u00e9lycsomagokkal, amelyeket a h\u00edvek adom\u00e1nyaib\u00f3l juttattunk el a r\u00e1szorul\u00f3khoz. Ha ezt mindannyian megtessz\u00fck \u00e9s legal\u00e1bb 1 kg adom\u00e1nyt hozunk a templomba, \u00fajra nagyon sok csal\u00e1dnak tudunk seg\u00edteni az irgalmas J\u00e9zus p\u00e9ld\u00e1j\u00e1t k\u00f6vetve. Most a hat\u00e1ron t\u00fali magyarokkal \u00e9s a haz\u00e1nkba \u00e9rkez\u0151 menek\u00fcltekkel tehet\u00fcnk j\u00f3t nagyb\u00f6jtben. Telefonos adom\u00e1nyvonalon is bekapcsol\u00f3dhatunk a Karit\u00e1sz seg\u00edt\u0151 munk\u00e1j\u00e1ba. Ha h\u00edvjuk a 1356-os telefonsz\u00e1mot, h\u00edv\u00e1sonk\u00e9nt 500 forinttal seg\u00edt\u00fcnk.<br><br>\u201eSzem\u00e9lyes szeretettel m\u00e1sok\u00e9rt.\u201d K\u00e9rj\u00fck, hogy aki teheti, ad\u00f3ja egy sz\u00e1zal\u00e9k\u00e1val is t\u00e1mogassa a Katolikus Karit\u00e1sz karitat\u00edv szolg\u00e1lat\u00e1t: a Karit\u00e1szt T\u00e1mogat\u00f3 Alap\u00edtv\u00e1nyt. K\u00f6sz\u00f6nj\u00fck a szeg\u00e9nyeknek sz\u00e1nt adom\u00e1nyaikat. A legkisebb adom\u00e1nnyal is a felebar\u00e1ti szeretet csod\u00e1ja val\u00f3sul meg k\u00f6z\u00f6tt\u00fcnk. A templomainkban \u00f6sszegy\u0171jt\u00f6tt \u00e9lelmiszerek nemcsak t\u00e1pl\u00e1l\u00e9kot jelentenek, hanem \u00fczenetet is hordoznak, a Gondvisel\u0151 Isten k\u00e9zzelfoghat\u00f3 szeretet\u00e9t a n\u00e9lk\u00fcl\u00f6z\u0151 csal\u00e1dok sz\u00e1m\u00e1ra.<br>\u00a0Ferenc p\u00e1pa a Szeg\u00e9nys\u00e9g elleni vil\u00e1gnapra \u00edrt legut\u00f3bbi \u00fczenet\u00e9ben \u00edgy biztat benn\u00fcnket:<br><br>\u201eA J\u00e9zus \u00e1ltal kinyilatkoztatott Isten arca a szeg\u00e9nyek\u00e9rt agg\u00f3d\u00f3 \u00e9s hozz\u00e1juk k\u00f6zel \u00e1ll\u00f3 Atya arca. J\u00e9zus eg\u00e9sz m\u0171k\u00f6d\u00e9se arr\u00f3l tan\u00faskodik, hogy a szeg\u00e9nys\u00e9g nem a sors k\u00f6vetkezm\u00e9nye, hanem az \u0151 k\u00f6zt\u00fcnk val\u00f3 jelenl\u00e9t\u00e9nek konkr\u00e9t jele. Nem akkor \u00e9s ott tal\u00e1ljuk meg \u0151t, amikor \u00e9s ahol akarjuk, hanem a szeg\u00e9nyek \u00e9let\u00e9ben, az \u0151 szenved\u00e9s\u00fckben \u00e9s n\u00e9lk\u00fcl\u00f6z\u00e9s\u00fckben, a gyakran embertelen k\u00f6r\u00fclm\u00e9nyek k\u00f6z\u00f6tt, amelyek k\u00f6z\u00f6tt \u00e9lni k\u00e9nytelenek. Amint azt sohasem f\u00e1radok elism\u00e9telni, a szeg\u00e9nyek az evang\u00e9lium igazi hirdet\u0151i, hiszen \u0151k voltak az els\u0151k, akiket evangeliz\u00e1ltak, \u00e9s akik megh\u00edv\u00e1st kaptak arra, hogy osztozzanak az \u00dar boldogs\u00e1g\u00e1ban \u00e9s az \u0151 orsz\u00e1g\u00e1ban (v\u00f6. Mt 5,3). A szeg\u00e9nyek \u2013 b\u00e1rmilyen helyzetben \u00e9s k\u00f6r\u00fclm\u00e9nyek k\u00f6z\u00f6tt \u00e9ljenek is \u2013 evangeliz\u00e1lnak benn\u00fcnket, mert lehet\u0151v\u00e9 teszik, hogy mindig \u00faj m\u00f3don fedezz\u00fck fel az Atya legigazibb arcvon\u00e1sait.\u201d<br><br>Szent P\u00e1l apostol buzd\u00edt\u00e1s\u00e1val k\u00f6sz\u00f6nj\u00fck meg mindenkinek a j\u00f3s\u00e1g\u00e1t:<br><em>\u201eHa teh\u00e1t kitartotok a j\u00f3t\u00e9konykod\u00e1sban, Istent magasztalj\u00e1k \u00e9rte, mivel k\u00e9szs\u00e9gesen vallom\u00e1st tettetek Krisztus evang\u00e9lium\u00e1r\u00f3l, \u00e9s b\u0151kez\u0171s\u00e9getekkel kifejez\u00e9sre juttatt\u00e1tok a vel\u00fck \u00e9s a t\u00f6bbiekkel val\u00f3 k\u00f6z\u00f6ss\u00e9get. Im\u00e1dkoznak is majd \u00e9rtetek, \u00e9s v\u00e1gy\u00f3dnak ut\u00e1natok abban a tudatban, hogy Isten kegyelme b\u0151s\u00e9gesen ki\u00e1radt r\u00e1tok\u201d<\/em>\u00a0(2Kor 9,12-14).<br><br>Budapest, 2022. nagyb\u00f6jt 2. vas\u00e1rnapj\u00e1n<br><br>A Magyar Katolikus P\u00fcsp\u00f6ki Konferencia<br><br>(A k\u00f6rlev\u00e9l felolvasand\u00f3 nagyb\u00f6jt 2. vas\u00e1rnapj\u00e1nak minden szentmis\u00e9j\u00e9n.)<\/p>\n\n\n\n<p>Forr\u00e1s: <a href=\"https:\/\/kaposvar.egyhazmegye.hu\/index.php\/hirek\/item\/904-az-mkpk-korlevele-a-2022-evi-nagybojti-tartoselelmiszer-gyujtesrol\" target=\"_blank\" rel=\"noreferrer noopener\">Kaposv\u00e1ri Egyh\u00e1zmegye<\/a><\/p>\n","protected":false},"excerpt":{"rendered":"<p>Az MKPK imm\u00e1r hagyom\u00e1nyos m\u00f3don az idei nagyb\u00f6jtben is tart\u00f3s\u00e9lelmiszer-gy\u0171jt\u00e9st szervez \u201eTart\u00f3s szeretet\u201d c\u00edmmel. A h\u00edvek tart\u00f3s\u00e9lelmiszer-felaj\u00e1nl\u00e1sukat elhelyezhetik a templomokban az erre kijel\u00f6lt helyen m\u00e1rcius 20. \u00e9s 27. k\u00f6z\u00f6tt. Tegy\u00fcnk tan\u00fas\u00e1got az irgalmas szeretet gyakorl\u00e1s\u00e1r\u00f3l az idei nagyb\u00f6jtben is, \u00e9s &hellip; <a href=\"https:\/\/balatonkeresztur.plebania.hu\/index.php\/2022\/03\/13\/az-mkpk-korlevele-a-2022-evi-nagybojti-tartoselelmiszer-gyujtesrol\/\">Egy kattint\u00e1s ide a folytat\u00e1shoz&#8230;. <span class=\"meta-nav\">&rarr;<\/span><\/a><\/p>\n","protected":false},"author":1,"featured_media":0,"comment_status":"closed","ping_status":"open","sticky":false,"template":"","format":"standard","meta":{"footnotes":""},"categories":[1],"tags":[],"class_list":["post-740","post","type-post","status-publish","format-standard","hentry","category-egyeb"],"_links":{"self":[{"href":"https:\/\/balatonkeresztur.plebania.hu\/index.php\/wp-json\/wp\/v2\/posts\/740","targetHints":{"allow":["GET"]}}],"collection":[{"href":"https:\/\/balatonkeresztur.plebania.hu\/index.php\/wp-json\/wp\/v2\/posts"}],"about":[{"href":"https:\/\/balatonkeresztur.plebania.hu\/index.php\/wp-json\/wp\/v2\/types\/post"}],"author":[{"embeddable":true,"href":"https:\/\/balatonkeresztur.plebania.hu\/index.php\/wp-json\/wp\/v2\/users\/1"}],"replies":[{"embeddable":true,"href":"https:\/\/balatonkeresztur.plebania.hu\/index.php\/wp-json\/wp\/v2\/comments?post=740"}],"version-history":[{"count":1,"href":"https:\/\/balatonkeresztur.plebania.hu\/index.php\/wp-json\/wp\/v2\/posts\/740\/revisions"}],"predecessor-version":[{"id":741,"href":"https:\/\/balatonkeresztur.plebania.hu\/index.php\/wp-json\/wp\/v2\/posts\/740\/revisions\/741"}],"wp:attachment":[{"href":"https:\/\/balatonkeresztur.plebania.hu\/index.php\/wp-json\/wp\/v2\/media?parent=740"}],"wp:term":[{"taxonomy":"category","embeddable":true,"href":"https:\/\/balatonkeresztur.plebania.hu\/index.php\/wp-json\/wp\/v2\/categories?post=740"},{"taxonomy":"post_tag","embeddable":true,"href":"https:\/\/balatonkeresztur.plebania.hu\/index.php\/wp-json\/wp\/v2\/tags?post=740"}],"curies":[{"name":"wp","href":"https:\/\/api.w.org\/{rel}","templated":true}]}}