{"id":735,"date":"2022-03-04T16:56:40","date_gmt":"2022-03-04T16:56:40","guid":{"rendered":"https:\/\/balatonkeresztur.plebania.hu\/?p=735"},"modified":"2022-03-27T05:01:29","modified_gmt":"2022-03-27T05:01:29","slug":"jarvanyugyi-rendelkezesek-viszavonasa","status":"publish","type":"post","link":"https:\/\/balatonkeresztur.plebania.hu\/index.php\/2022\/03\/04\/jarvanyugyi-rendelkezesek-viszavonasa\/","title":{"rendered":"J\u00e1rv\u00e1ny\u00fcgyi rendelkez\u00e9sek visszavon\u00e1sa"},"content":{"rendered":"\n<p>Varga L\u00e1szl\u00f3 megy\u00e9sp\u00fcsp\u00f6k az al\u00e1bbi rendelkez\u00e9seket hozza m\u00e1rcius 7-\u00e9t\u0151l:<\/p>\n\n\n\n<!--more-->\n\n\n\n<p>Az \u00e1llami rendelkez\u00e9sekkel \u00f6sszhangban \u2013 tekintettel a javul\u00f3 j\u00e1rv\u00e1nyhelyzetre \u2013 2022. m\u00e1rcius 7-\u00e9t\u0151l a templomokban \u00e9s m\u00e1s, z\u00e1rt terekben tartand\u00f3 mindennem\u0171 k\u00f6z\u00f6ss\u00e9gi esem\u00e9nyre vonatkoz\u00f3an az al\u00e1bbi m\u00f3don rendelkezem:<\/p>\n\n\n\n<p><br>Nem k\u00f6telez\u0151 a maszk visel\u00e9se \u00e9s a nagyobb t\u00e1vols\u00e1g tart\u00e1s\u00e1nak el\u0151\u00edr\u00e1sa.<br>Nem k\u00f6telez\u0151 \u00e9rv\u00e9ny\u0171ek azok a liturgikus korl\u00e1toz\u00e1sok sem, amelyek kiz\u00e1r\u00f3lag a j\u00e1rv\u00e1ny miatt l\u00e9ptek \u00e9letbe.<br>K\u00e9rem, hogy tov\u00e1bbra is felel\u0151sen \u00e9s k\u00f6r\u00fcltekint\u0151en j\u00e1rjunk el, figyelembe v\u00e9ve az esetleges \u00fajabb j\u00e1rv\u00e1ny\u00fcgyi el\u0151\u00edr\u00e1sokat. \u00c1ldoztat\u00e1skor a k\u00e9zfert\u0151tlen\u00edt\u00e9st tov\u00e1bbra is aj\u00e1nlom.<br>A szoci\u00e1lis \u00e9s eg\u00e9szs\u00e9g\u00fcgyi int\u00e9zm\u00e9nyekben azonban tov\u00e1bbra is \u00e9rv\u00e9nyben maradnak a v\u00e9dekez\u00e9st szolg\u00e1l\u00f3 int\u00e9zked\u00e9sek. K\u00e9rem azokat, akik ilyen helyeken l\u00e1tnak el szolg\u00e1latot, tov\u00e1bbra is tarts\u00e1k meg a helyi el\u0151\u00edr\u00e1sokat!<br>Tov\u00e1bb\u00e1 buzd\u00edtom a h\u00edveket, hogy \u2013 amennyiben lehets\u00e9ges \u2013 szem\u00e9lyesen vegyenek r\u00e9szt a szentmis\u00e9ken \u00e9s egy\u00e9b liturgikus alkalmakon.<\/p>\n\n\n\n<p>Varga L\u00e1szl\u00f3 megy\u00e9sp\u00fcsp\u00f6k<\/p>\n","protected":false},"excerpt":{"rendered":"<p>Varga L\u00e1szl\u00f3 megy\u00e9sp\u00fcsp\u00f6k az al\u00e1bbi rendelkez\u00e9seket hozza m\u00e1rcius 7-\u00e9t\u0151l:<\/p>\n","protected":false},"author":1,"featured_media":0,"comment_status":"closed","ping_status":"closed","sticky":false,"template":"","format":"standard","meta":{"footnotes":""},"categories":[1],"tags":[],"class_list":["post-735","post","type-post","status-publish","format-standard","hentry","category-egyeb"],"_links":{"self":[{"href":"https:\/\/balatonkeresztur.plebania.hu\/index.php\/wp-json\/wp\/v2\/posts\/735","targetHints":{"allow":["GET"]}}],"collection":[{"href":"https:\/\/balatonkeresztur.plebania.hu\/index.php\/wp-json\/wp\/v2\/posts"}],"about":[{"href":"https:\/\/balatonkeresztur.plebania.hu\/index.php\/wp-json\/wp\/v2\/types\/post"}],"author":[{"embeddable":true,"href":"https:\/\/balatonkeresztur.plebania.hu\/index.php\/wp-json\/wp\/v2\/users\/1"}],"replies":[{"embeddable":true,"href":"https:\/\/balatonkeresztur.plebania.hu\/index.php\/wp-json\/wp\/v2\/comments?post=735"}],"version-history":[{"count":3,"href":"https:\/\/balatonkeresztur.plebania.hu\/index.php\/wp-json\/wp\/v2\/posts\/735\/revisions"}],"predecessor-version":[{"id":738,"href":"https:\/\/balatonkeresztur.plebania.hu\/index.php\/wp-json\/wp\/v2\/posts\/735\/revisions\/738"}],"wp:attachment":[{"href":"https:\/\/balatonkeresztur.plebania.hu\/index.php\/wp-json\/wp\/v2\/media?parent=735"}],"wp:term":[{"taxonomy":"category","embeddable":true,"href":"https:\/\/balatonkeresztur.plebania.hu\/index.php\/wp-json\/wp\/v2\/categories?post=735"},{"taxonomy":"post_tag","embeddable":true,"href":"https:\/\/balatonkeresztur.plebania.hu\/index.php\/wp-json\/wp\/v2\/tags?post=735"}],"curies":[{"name":"wp","href":"https:\/\/api.w.org\/{rel}","templated":true}]}}