{"id":717,"date":"2022-02-26T17:06:43","date_gmt":"2022-02-26T17:06:43","guid":{"rendered":"https:\/\/balatonkeresztur.plebania.hu\/?p=717"},"modified":"2022-02-26T17:06:43","modified_gmt":"2022-02-26T17:06:43","slug":"a-magyar-katolikus-puspoki-konferencia-nagybojti-korlevele","status":"publish","type":"post","link":"https:\/\/balatonkeresztur.plebania.hu\/index.php\/2022\/02\/26\/a-magyar-katolikus-puspoki-konferencia-nagybojti-korlevele\/","title":{"rendered":"A Magyar Katolikus P\u00fcsp\u00f6ki Konferencia nagyb\u00f6jti k\u00f6rlevele"},"content":{"rendered":"\n<p>Krisztusban Kedves Testv\u00e9rek!<\/p>\n\n\n\n<p>A nagyb\u00f6jti id\u0151szak kezdet\u00e9n \u00fajra tudatos\u00edtjuk magunkban, hogy Urunk felt\u00e1mad\u00e1s\u00e1nak \u00fcnnep\u00e9re, H\u00fasv\u00e9tra k\u00e9sz\u00fcl\u00fcnk.<\/p>\n\n\n\n<!--more-->\n\n\n\n<p>A k\u00e9sz\u00fclet ideje pedig alkalom a b\u0171nb\u00e1natra, mert a megv\u00e1lt\u00e1s titk\u00e1val val\u00f3 tal\u00e1lkoz\u00e1s megtisztul\u00e1st, megt\u00e9r\u00e9st k\u00edv\u00e1n az ember r\u00e9sz\u00e9r\u0151l. Az im\u00e1ds\u00e1g, a b\u00f6jt \u00e9s a r\u00e1szorul\u00f3k seg\u00edt\u00e9se ennek a b\u0171nb\u00e1natnak a legfontosabb kifejez\u00e9sei. Amikor \u00e9szrevessz\u00fck k\u00f6rnyezet\u00fcnkben a mag\u00e1nyos, beteg vagy anyagi szeg\u00e9nys\u00e9gben \u00e9l\u0151 embert\u00e1rsainkat \u00e9s adom\u00e1nnyal, munk\u00e1val, j\u00f3 sz\u00f3val igyeksz\u00fcnk seg\u00edts\u00e9g\u00fckre lenni, gondoljunk arra, hogy k\u00f6z\u00f6ss\u00e9gek, csal\u00e1dok, s\u0151t eg\u00e9sz n\u00e9pek is r\u00e1szorulhatnak gondoskod\u00f3 szeretet\u00fcnkre. Ezt fejezz\u00fck ki akkor, amikor p\u00e9ld\u00e1ul a h\u00e1bor\u00fak \u00e1ldozatainak vagy az \u00fcld\u00f6z\u00f6tt kereszt\u00e9nyeknek igyeksz\u00fcnk seg\u00edts\u00e9get ny\u00fajtani.<\/p>\n\n\n\n<p>B\u0151vebben: <a href=\"https:\/\/katolikus.hu\/cikk\/a-magyar-katolikus-puspoki-konferencia-nagybojti-korlevele\" target=\"_blank\" rel=\"noreferrer noopener\">Magyar Katolikus Egyh\u00e1z<\/a><\/p>\n","protected":false},"excerpt":{"rendered":"<p>Krisztusban Kedves Testv\u00e9rek! A nagyb\u00f6jti id\u0151szak kezdet\u00e9n \u00fajra tudatos\u00edtjuk magunkban, hogy Urunk felt\u00e1mad\u00e1s\u00e1nak \u00fcnnep\u00e9re, H\u00fasv\u00e9tra k\u00e9sz\u00fcl\u00fcnk.<\/p>\n","protected":false},"author":1,"featured_media":0,"comment_status":"closed","ping_status":"open","sticky":false,"template":"","format":"standard","meta":{"footnotes":""},"categories":[1],"tags":[],"class_list":["post-717","post","type-post","status-publish","format-standard","hentry","category-egyeb"],"_links":{"self":[{"href":"https:\/\/balatonkeresztur.plebania.hu\/index.php\/wp-json\/wp\/v2\/posts\/717","targetHints":{"allow":["GET"]}}],"collection":[{"href":"https:\/\/balatonkeresztur.plebania.hu\/index.php\/wp-json\/wp\/v2\/posts"}],"about":[{"href":"https:\/\/balatonkeresztur.plebania.hu\/index.php\/wp-json\/wp\/v2\/types\/post"}],"author":[{"embeddable":true,"href":"https:\/\/balatonkeresztur.plebania.hu\/index.php\/wp-json\/wp\/v2\/users\/1"}],"replies":[{"embeddable":true,"href":"https:\/\/balatonkeresztur.plebania.hu\/index.php\/wp-json\/wp\/v2\/comments?post=717"}],"version-history":[{"count":1,"href":"https:\/\/balatonkeresztur.plebania.hu\/index.php\/wp-json\/wp\/v2\/posts\/717\/revisions"}],"predecessor-version":[{"id":718,"href":"https:\/\/balatonkeresztur.plebania.hu\/index.php\/wp-json\/wp\/v2\/posts\/717\/revisions\/718"}],"wp:attachment":[{"href":"https:\/\/balatonkeresztur.plebania.hu\/index.php\/wp-json\/wp\/v2\/media?parent=717"}],"wp:term":[{"taxonomy":"category","embeddable":true,"href":"https:\/\/balatonkeresztur.plebania.hu\/index.php\/wp-json\/wp\/v2\/categories?post=717"},{"taxonomy":"post_tag","embeddable":true,"href":"https:\/\/balatonkeresztur.plebania.hu\/index.php\/wp-json\/wp\/v2\/tags?post=717"}],"curies":[{"name":"wp","href":"https:\/\/api.w.org\/{rel}","templated":true}]}}