{"id":715,"date":"2022-02-26T17:03:44","date_gmt":"2022-02-26T17:03:44","guid":{"rendered":"https:\/\/balatonkeresztur.plebania.hu\/?p=715"},"modified":"2022-05-24T09:22:49","modified_gmt":"2022-05-24T09:22:49","slug":"nem-akarjak-atelni-szeretteik-es-otthonuk-elveszteset-a-karitasz-segitsegnyujtasa-az-ukrajnai-haborus-helyzetben","status":"publish","type":"post","link":"https:\/\/balatonkeresztur.plebania.hu\/index.php\/2022\/02\/26\/nem-akarjak-atelni-szeretteik-es-otthonuk-elveszteset-a-karitasz-segitsegnyujtasa-az-ukrajnai-haborus-helyzetben\/","title":{"rendered":"Nem akarj\u00e1k \u00e1t\u00e9lni szeretteik \u00e9s otthonuk elveszt\u00e9s\u00e9t A Karit\u00e1sz seg\u00edts\u00e9gny\u00fajt\u00e1sa az ukrajnai h\u00e1bor\u00fas helyzetben"},"content":{"rendered":"\n<p>Gyorsseg\u00e9lyt ind\u00edt \u00e9s az ukrajnai v\u00e1ls\u00e1ghelyzetben k\u00fcl\u00f6n\u00f6sen is azok mell\u00e9 \u00e1ll a Katolikus Karit\u00e1sz, akik a legkiszolg\u00e1ltatottabbak. A menek\u00fcltek ell\u00e1t\u00e1s\u00e1ra k\u00e9sz\u00edti fel kelet-magyarorsz\u00e1gi logisztikai k\u00f6zpontj\u00e1t \u00e9s \u00f6nk\u00e9ntes csoportjait a seg\u00e9lyszervezet. Folyamatos kapcsolatban van a Caritas Ukrajna vezet\u0151ivel, akik m\u00e1r 2014. \u00f3ta t\u00e1mogatj\u00e1k a kelet-ukrajnai h\u00e1bor\u00fa \u00e1ldozatait.<\/p>\n\n\n\n<figure class=\"wp-block-image size-full\"><img loading=\"lazy\" decoding=\"async\" width=\"48\" height=\"74\" src=\"https:\/\/balatonkeresztur.plebania.hu\/wp-content\/uploads\/2022\/02\/kep-3.png\" alt=\"\" class=\"wp-image-725\"\/><\/figure>\n\n\n\n<!--more-->\n\n\n\n<p>A Katolikus Karit\u00e1sz a hossz\u00fa t\u00e1v\u00fa \u00e9s c\u00e9lzott seg\u00e9lyez\u00e9s \u00e9rdek\u00e9ben t\u00f6bb alkalommal egyeztetett a Caritas Europ\u00e1val \u00e9s a Caritas Ukrajna vezet\u0151s\u00e9g\u00e9vel a kialakult dr\u00e1mai helyzetr\u0151l. A szervezet folyamatosan inform\u00e1l\u00f3dik, hogy a seg\u00edts\u00e9gny\u00fajt\u00e1s c\u00e9lzott \u00e9s hat\u00e9kony lehessen. Anatoliy Kozak igazgat\u00f3 elmondta, hogy a helyzet \u00f3r\u00e1r\u00f3l \u00f3r\u00e1ra v\u00e1ltozik, de a k\u00f6zponti iroda kapcsolatban van az ukrajnai karit\u00e1sz csoportokkal. Az igazgat\u00f3 szerint a k\u00f6vetkez\u0151 48-72 \u00f3ra nagyon fontos lesz az orsz\u00e1g j\u00f6v\u0151je szempontj\u00e1b\u00f3l.<\/p>\n\n\n\n<p>A h\u00e1bor\u00fa nyolc \u00e9ve alatt szinte minden lehets\u00e9ges forr\u00e1s kimer\u00fclt. A COVID-19 vil\u00e1gj\u00e1rv\u00e1ny \u00e9s a roml\u00f3 gazdas\u00e1gi helyzet jelent\u0151sen n\u00f6velte a szeg\u00e9nys\u00e9get, k\u00fcl\u00f6n\u00f6sen azon a keleti r\u00e9szen, ahol a helyiek sz\u00e1m\u00e1ra mindennapos a t\u00fal\u00e9l\u00e9s\u00e9rt val\u00f3 k\u00fczdelem. A Caritas Ukrajna k\u00e9szen \u00e1ll a bels\u0151 menek\u00fcltek fogad\u00e1s\u00e1ra t\u00f6bb helysz\u00ednen: Dnyiproban, Poltav\u00e1ban, Zaporizzsj\u00e1ban, valamint a nyugat-ukrajnai Hmelnickijben, Ivano-Frankivszkban, Ternopilben \u00e9s Lvivben.<\/p>\n\n\n\n<p>A Munk\u00e1csi Egyh\u00e1zmegyei Karit\u00e1sz szint\u00e9n fogadja a bels\u0151 menek\u00fclteket K\u00e1rp\u00e1talj\u00e1n. Az \u00e9lelmiszerek, takar\u00f3k biztos\u00edt\u00e1sa \u00e9rdek\u00e9ben a magyarorsz\u00e1gi Katolikus Karit\u00e1sz p\u00e9nzbeli gyorsseg\u00e9lyt k\u00fcld\u00f6tt, valamint tart\u00f3s \u00e9lelmiszert juttat el a t\u00e9rs\u00e9gbe.<\/p>\n\n\n\n<p>\u201eMindent megtesz\u00fcnk annak \u00e9rdek\u00e9ben, hogy seg\u00edts\u00e9get \u00e9s t\u00e1mogat\u00e1st ny\u00fajthassunk a r\u00e1szorul\u00f3knak, m\u00e9g v\u00e9szhelyzetben is, ahogyan azt kelet-Ukrajn\u00e1ban 2014. \u00f3ta tessz\u00fck\u201d \u2013 mondta Tatiana Stawnychy, a Caritas Ukrajna eln\u00f6ke. \u201eAz emberek agg\u00f3dnak, k\u00fcl\u00f6n\u00f6sen azok, akik t\u00fal\u00e9lt\u00e9k a 2014-2015-\u00f6s esem\u00e9nyeket, sz\u00f6rny\u0171 tapasztalatokat \u00e9ltek \u00e1t, \u00e9s legf\u0151k\u00e9ppen nem akarj\u00e1k \u00e1t\u00e9lni szeretteik elveszt\u00e9s\u00e9t, otthonuk elveszt\u00e9s\u00e9t.\u201d<\/p>\n\n\n\n<p>A Katolikus Karit\u00e1sz 3 teheraut\u00f3nyi seg\u00e9lysz\u00e1ll\u00edtm\u00e1nyt k\u00fcld\u00f6tt a menek\u00fcltek fogad\u00e1s\u00e1ra a hat\u00e1rhoz. A sz\u00e1ll\u00edtm\u00e1ny t\u00f6bbek k\u00f6z\u00f6tt 100 matracot, takar\u00f3kat, b\u00e9bi\u00e9telt, tart\u00f3s \u00e9lelmiszert tartalmaz. A hossz\u00fat\u00e1v\u00fa seg\u00edts\u00e9gny\u00fajt\u00e1s \u00e9rdek\u00e9ben, a menek\u00fcltek ell\u00e1t\u00e1s\u00e1ra Feh\u00e9rgyarmaton \u00e9s Ny\u00edregyh\u00e1z\u00e1n ideiglenes k\u00f6zpontot hoz l\u00e9tre a seg\u00e9lyszervezet, a helyi egyh\u00e1zmegyei karit\u00e1sz szervezetekkel k\u00f6z\u00f6sen.<\/p>\n\n\n\n<figure class=\"wp-block-image\"><a href=\"https:\/\/karitasz.hu\/uploads\/content\/2036\/kepek\/o_ukrajnai-haboru-hlap-ikon-(3).png\"><img decoding=\"async\" src=\"https:\/\/karitasz.hu\/uploads\/content\/2036\/kepek\/c_ukrajnai-haboru-hlap-ikon-(3).png\" alt=\"\"\/><\/a><\/figure>\n\n\n\n<p>A Katolikus Karit\u00e1sz mindezen c\u00e9lok t\u00e1mogat\u00e1s\u00e1ra gy\u0171jt\u00e9st hirdet a Caritas Ukrajn\u00e1val k\u00f6z\u00f6s munk\u00e1j\u00e1nak t\u00e1mogat\u00e1s\u00e1ra. A gy\u0171jt\u00e9shez t\u00f6bbf\u00e9le m\u00f3don lehet csatlakozni:<\/p>\n\n\n\n<ul class=\"wp-block-list\"><li>A 1356-os adom\u00e1nyvonal h\u00edv\u00e1s\u00e1val (egy h\u00edv\u00e1s 500 Forint t\u00e1mogat\u00e1st jelent)<\/li><li>Online adom\u00e1nyoz\u00e1ssal a Karit\u00e1sz honlapj\u00e1n \u2013 <a href=\"https:\/\/karitasz.hu\/segitene\/onlineadomany\" target=\"_blank\" rel=\"noreferrer noopener\">www.karitasz.hu<\/a> \u2013 kereszt\u00fcl<\/li><li>A Katolikus Karit\u00e1sz k\u00f6zponti banksz\u00e1ml\u00e1j\u00e1n \u201eUkrajnai h\u00e1bor\u00fa\u201d megnevez\u00e9ssel \u2013 Raiffeisen Bank 12011148-00124534-00100008<\/li><\/ul>\n\n\n\n<p>Forr\u00e1s: <a href=\"https:\/\/karitasz.hu\/hirek\/nem-akarjak-atelni-szeretteik-es-otthonuk-elveszteset\" target=\"_blank\" rel=\"noreferrer noopener\">Katolikus Karit\u00e1sz<\/a><\/p>\n\n\n\n<p><\/p>\n","protected":false},"excerpt":{"rendered":"<p>Gyorsseg\u00e9lyt ind\u00edt \u00e9s az ukrajnai v\u00e1ls\u00e1ghelyzetben k\u00fcl\u00f6n\u00f6sen is azok mell\u00e9 \u00e1ll a Katolikus Karit\u00e1sz, akik a legkiszolg\u00e1ltatottabbak. A menek\u00fcltek ell\u00e1t\u00e1s\u00e1ra k\u00e9sz\u00edti fel kelet-magyarorsz\u00e1gi logisztikai k\u00f6zpontj\u00e1t \u00e9s \u00f6nk\u00e9ntes csoportjait a seg\u00e9lyszervezet. Folyamatos kapcsolatban van a Caritas Ukrajna vezet\u0151ivel, akik m\u00e1r 2014. &hellip; <a href=\"https:\/\/balatonkeresztur.plebania.hu\/index.php\/2022\/02\/26\/nem-akarjak-atelni-szeretteik-es-otthonuk-elveszteset-a-karitasz-segitsegnyujtasa-az-ukrajnai-haborus-helyzetben\/\">Egy kattint\u00e1s ide a folytat\u00e1shoz&#8230;. <span class=\"meta-nav\">&rarr;<\/span><\/a><\/p>\n","protected":false},"author":1,"featured_media":0,"comment_status":"closed","ping_status":"closed","sticky":false,"template":"","format":"standard","meta":{"footnotes":""},"categories":[1],"tags":[],"class_list":["post-715","post","type-post","status-publish","format-standard","hentry","category-egyeb"],"_links":{"self":[{"href":"https:\/\/balatonkeresztur.plebania.hu\/index.php\/wp-json\/wp\/v2\/posts\/715","targetHints":{"allow":["GET"]}}],"collection":[{"href":"https:\/\/balatonkeresztur.plebania.hu\/index.php\/wp-json\/wp\/v2\/posts"}],"about":[{"href":"https:\/\/balatonkeresztur.plebania.hu\/index.php\/wp-json\/wp\/v2\/types\/post"}],"author":[{"embeddable":true,"href":"https:\/\/balatonkeresztur.plebania.hu\/index.php\/wp-json\/wp\/v2\/users\/1"}],"replies":[{"embeddable":true,"href":"https:\/\/balatonkeresztur.plebania.hu\/index.php\/wp-json\/wp\/v2\/comments?post=715"}],"version-history":[{"count":5,"href":"https:\/\/balatonkeresztur.plebania.hu\/index.php\/wp-json\/wp\/v2\/posts\/715\/revisions"}],"predecessor-version":[{"id":727,"href":"https:\/\/balatonkeresztur.plebania.hu\/index.php\/wp-json\/wp\/v2\/posts\/715\/revisions\/727"}],"wp:attachment":[{"href":"https:\/\/balatonkeresztur.plebania.hu\/index.php\/wp-json\/wp\/v2\/media?parent=715"}],"wp:term":[{"taxonomy":"category","embeddable":true,"href":"https:\/\/balatonkeresztur.plebania.hu\/index.php\/wp-json\/wp\/v2\/categories?post=715"},{"taxonomy":"post_tag","embeddable":true,"href":"https:\/\/balatonkeresztur.plebania.hu\/index.php\/wp-json\/wp\/v2\/tags?post=715"}],"curies":[{"name":"wp","href":"https:\/\/api.w.org\/{rel}","templated":true}]}}