{"id":71,"date":"2018-08-09T13:23:53","date_gmt":"2018-08-09T13:23:53","guid":{"rendered":"http:\/\/balatonkeresztur.plebania.hu\/?p=71"},"modified":"2018-08-09T13:23:53","modified_gmt":"2018-08-09T13:23:53","slug":"miserend-az-unnepekben","status":"publish","type":"post","link":"https:\/\/balatonkeresztur.plebania.hu\/index.php\/2018\/08\/09\/miserend-az-unnepekben\/","title":{"rendered":"Miserend az \u00fcnnepekben"},"content":{"rendered":"<p>A szentmis\u00e9k rendje aug. 15-\u00e9n \u00e9s 20-\u00e1n a balatonkereszt\u00fari \u00e9s balatonfenyvesi pl\u00e9b\u00e1nia ter\u00fclet\u00e9n:<!--more--><\/p>\n<p><strong>Augusztus 15. Nagyboldogasszony \u00fcnnepe <\/strong>(szerda)<\/p>\n<p><strong>Balatonkereszt\u00far\u00a0 <\/strong>\u00a0\u00a0\u00a0\u00a0 \u00a0\u00a0\u00a0\u00a0\u00a0\u00a0\u00a0\u00a0\u00a0\u00a0\u00a0\u00a0\u00a0\u00a0\u00a0\u00a0\u00a0\u00a0\u00a0\u00a0\u00a0\u00a0\u00a0\u00a0\u00a0 11 \u00f3ra<\/p>\n<p><strong>Balatonfenyves Szent Erzs\u00e9bet<\/strong>\u00a0\u00a0\u00a0\u00a0\u00a0\u00a0 10 \u00f3ra 30<\/p>\n<p><strong>Balatonfenyves Sz\u0171z M\u00e1ria Sz\u00edve\u00a0\u00a0 <\/strong>\u00a0 9 \u00f3ra<\/p>\n<p><strong>Balatonm\u00e1ria K\u00e1polna<\/strong>\u00a0\u00a0\u00a0\u00a0\u00a0\u00a0\u00a0\u00a0\u00a0\u00a0\u00a0\u00a0\u00a0 \u00a0\u00a0\u00a0\u00a0\u00a0\u00a0\u00a0\u00a0\u00a0 18 \u00f3ra<\/p>\n<p>&nbsp;<\/p>\n<p><strong>Augusztus 20. Szent Istv\u00e1n kir\u00e1ly \u00fcnnepe <\/strong>(h\u00e9tf\u0151)<\/p>\n<p><strong>Balatonfenyves <\/strong><\/p>\n<p>G\u00e9za park (es\u0151ben) Szent Erzs\u00e9bet\u00a0\u00a0\u00a0 10 \u00f3ra 30<\/p>\n<p><strong>Balatonm\u00e1ria<\/strong>\u00a0\u00a0\u00a0\u00a0\u00a0\u00a0\u00a0\u00a0\u00a0\u00a0\u00a0\u00a0\u00a0\u00a0\u00a0\u00a0\u00a0\u00a0 \u00a0\u00a0\u00a0\u00a0\u00a0\u00a0\u00a0\u00a0\u00a0\u00a0\u00a0\u00a0\u00a0\u00a0\u00a0\u00a0\u00a0\u00a0\u00a0\u00a0 18 \u00f3ra<\/p>\n","protected":false},"excerpt":{"rendered":"<p>A szentmis\u00e9k rendje aug. 15-\u00e9n \u00e9s 20-\u00e1n a balatonkereszt\u00fari \u00e9s balatonfenyvesi pl\u00e9b\u00e1nia ter\u00fclet\u00e9n:<\/p>\n","protected":false},"author":1,"featured_media":0,"comment_status":"closed","ping_status":"open","sticky":false,"template":"","format":"standard","meta":{"footnotes":""},"categories":[1],"tags":[],"class_list":["post-71","post","type-post","status-publish","format-standard","hentry","category-egyeb"],"_links":{"self":[{"href":"https:\/\/balatonkeresztur.plebania.hu\/index.php\/wp-json\/wp\/v2\/posts\/71","targetHints":{"allow":["GET"]}}],"collection":[{"href":"https:\/\/balatonkeresztur.plebania.hu\/index.php\/wp-json\/wp\/v2\/posts"}],"about":[{"href":"https:\/\/balatonkeresztur.plebania.hu\/index.php\/wp-json\/wp\/v2\/types\/post"}],"author":[{"embeddable":true,"href":"https:\/\/balatonkeresztur.plebania.hu\/index.php\/wp-json\/wp\/v2\/users\/1"}],"replies":[{"embeddable":true,"href":"https:\/\/balatonkeresztur.plebania.hu\/index.php\/wp-json\/wp\/v2\/comments?post=71"}],"version-history":[{"count":1,"href":"https:\/\/balatonkeresztur.plebania.hu\/index.php\/wp-json\/wp\/v2\/posts\/71\/revisions"}],"predecessor-version":[{"id":72,"href":"https:\/\/balatonkeresztur.plebania.hu\/index.php\/wp-json\/wp\/v2\/posts\/71\/revisions\/72"}],"wp:attachment":[{"href":"https:\/\/balatonkeresztur.plebania.hu\/index.php\/wp-json\/wp\/v2\/media?parent=71"}],"wp:term":[{"taxonomy":"category","embeddable":true,"href":"https:\/\/balatonkeresztur.plebania.hu\/index.php\/wp-json\/wp\/v2\/categories?post=71"},{"taxonomy":"post_tag","embeddable":true,"href":"https:\/\/balatonkeresztur.plebania.hu\/index.php\/wp-json\/wp\/v2\/tags?post=71"}],"curies":[{"name":"wp","href":"https:\/\/api.w.org\/{rel}","templated":true}]}}