{"id":705,"date":"2022-01-14T19:58:40","date_gmt":"2022-01-14T19:58:40","guid":{"rendered":"https:\/\/balatonkeresztur.plebania.hu\/?p=705"},"modified":"2022-02-11T19:05:13","modified_gmt":"2022-02-11T19:05:13","slug":"gyaszjelentes","status":"publish","type":"post","link":"https:\/\/balatonkeresztur.plebania.hu\/index.php\/2022\/01\/14\/gyaszjelentes\/","title":{"rendered":"Gy\u00e1szjelent\u00e9s"},"content":{"rendered":"\n<p>A Kaposv\u00e1ri P\u00fcsp\u00f6ks\u00e9g, az egyh\u00e1zmegye paps\u00e1ga, rokonai f\u00e1jdalommal, de a felt\u00e1mad\u00e1s rem\u00e9ny\u00e9ben tudatja, hogy N I K O V I T Z    A N T A L ny.somogys\u00e1rdi pl\u00e9b\u00e1nos \u00e9let\u00e9nek 86., \u00e1ldoz\u00f3paps\u00e1g\u00e1nak 62. \u00e9v\u00e9ben, 2022. janu\u00e1r 13-\u00e1n a kaposv\u00e1ri Kaposi M\u00f3r Oktat\u00f3 K\u00f3rh\u00e1zban szents\u00e9gekkel meger\u0151s\u00edtve elhunyt.<\/p>\n\n\n\n<!--more-->\n\n\n\n<figure class=\"wp-block-image size-full is-resized\"><a href=\"http:\/\/balatonkeresztur.plebania.hu\/wp-content\/uploads\/2022\/01\/na.jpg\" target=\"_blank\" rel=\"noopener\"><img loading=\"lazy\" decoding=\"async\" src=\"https:\/\/balatonkeresztur.plebania.hu\/wp-content\/uploads\/2022\/01\/na.jpg\" alt=\"\" class=\"wp-image-706\" width=\"628\" height=\"444\" srcset=\"https:\/\/balatonkeresztur.plebania.hu\/wp-content\/uploads\/2022\/01\/na.jpg 1109w, https:\/\/balatonkeresztur.plebania.hu\/wp-content\/uploads\/2022\/01\/na-768x544.jpg 768w\" sizes=\"auto, (max-width: 628px) 100vw, 628px\" \/><\/a><\/figure>\n","protected":false},"excerpt":{"rendered":"<p>A Kaposv\u00e1ri P\u00fcsp\u00f6ks\u00e9g, az egyh\u00e1zmegye paps\u00e1ga, rokonai f\u00e1jdalommal, de a felt\u00e1mad\u00e1s rem\u00e9ny\u00e9ben tudatja, hogy N I K O V I T Z A N T A L ny.somogys\u00e1rdi pl\u00e9b\u00e1nos \u00e9let\u00e9nek 86., \u00e1ldoz\u00f3paps\u00e1g\u00e1nak 62. \u00e9v\u00e9ben, 2022. janu\u00e1r 13-\u00e1n a kaposv\u00e1ri Kaposi &hellip; <a href=\"https:\/\/balatonkeresztur.plebania.hu\/index.php\/2022\/01\/14\/gyaszjelentes\/\">Egy kattint\u00e1s ide a folytat\u00e1shoz&#8230;. <span class=\"meta-nav\">&rarr;<\/span><\/a><\/p>\n","protected":false},"author":1,"featured_media":0,"comment_status":"closed","ping_status":"open","sticky":false,"template":"","format":"standard","meta":{"footnotes":""},"categories":[1],"tags":[],"class_list":["post-705","post","type-post","status-publish","format-standard","hentry","category-egyeb"],"_links":{"self":[{"href":"https:\/\/balatonkeresztur.plebania.hu\/index.php\/wp-json\/wp\/v2\/posts\/705","targetHints":{"allow":["GET"]}}],"collection":[{"href":"https:\/\/balatonkeresztur.plebania.hu\/index.php\/wp-json\/wp\/v2\/posts"}],"about":[{"href":"https:\/\/balatonkeresztur.plebania.hu\/index.php\/wp-json\/wp\/v2\/types\/post"}],"author":[{"embeddable":true,"href":"https:\/\/balatonkeresztur.plebania.hu\/index.php\/wp-json\/wp\/v2\/users\/1"}],"replies":[{"embeddable":true,"href":"https:\/\/balatonkeresztur.plebania.hu\/index.php\/wp-json\/wp\/v2\/comments?post=705"}],"version-history":[{"count":3,"href":"https:\/\/balatonkeresztur.plebania.hu\/index.php\/wp-json\/wp\/v2\/posts\/705\/revisions"}],"predecessor-version":[{"id":712,"href":"https:\/\/balatonkeresztur.plebania.hu\/index.php\/wp-json\/wp\/v2\/posts\/705\/revisions\/712"}],"wp:attachment":[{"href":"https:\/\/balatonkeresztur.plebania.hu\/index.php\/wp-json\/wp\/v2\/media?parent=705"}],"wp:term":[{"taxonomy":"category","embeddable":true,"href":"https:\/\/balatonkeresztur.plebania.hu\/index.php\/wp-json\/wp\/v2\/categories?post=705"},{"taxonomy":"post_tag","embeddable":true,"href":"https:\/\/balatonkeresztur.plebania.hu\/index.php\/wp-json\/wp\/v2\/tags?post=705"}],"curies":[{"name":"wp","href":"https:\/\/api.w.org\/{rel}","templated":true}]}}