{"id":690,"date":"2021-12-19T10:52:09","date_gmt":"2021-12-19T10:52:09","guid":{"rendered":"https:\/\/balatonkeresztur.plebania.hu\/?p=690"},"modified":"2022-01-07T19:29:46","modified_gmt":"2022-01-07T19:29:46","slug":"unnepi-miserend-2","status":"publish","type":"post","link":"https:\/\/balatonkeresztur.plebania.hu\/index.php\/2021\/12\/19\/unnepi-miserend-2\/","title":{"rendered":"\u00dcnnepi miserend"},"content":{"rendered":"\n<p>Kar\u00e1csony \u00fcnnep\u00e9nek miserendje:<\/p>\n\n\n\n<!--more-->\n\n\n\n<p>Balatonkereszt\u00far:<br><strong>Dec. 24. <\/strong>Szenteste, a szentmise <strong>\u00e9jf\u00e9lkor <\/strong>kezd\u0151dik<br><strong>Dec. 25.<\/strong> Kar\u00e1csony \u00fcnnepe, a szentmise<strong> 9.30<\/strong>kor kezd\u0151dik<br><strong>Dec. 26. <\/strong>Szent Csal\u00e1d Vas\u00e1rnapja , a szentmise <strong>9.30<\/strong>kor kezd\u0151dik <br><strong>Dec. 31.<\/strong> H\u00e1laad\u00f3 szentmise <strong>17 \u00f3ra<\/strong>kor kezd\u0151dik<br><strong>Jan. 1.<\/strong> Sz\u0171z M\u00e1ria Istenanyas\u00e1ga: <strong>16 \u00f3ra<\/strong>kor kezd\u0151dik<\/p>\n\n\n\n<p>Balatonm\u00e1riaf\u00fcrd\u0151:<br><strong>Dec. 25.<\/strong> Kar\u00e1csony \u00fcnnepe, a szentmise <strong>17 \u00f3ra<\/strong>kor kezd\u0151dik<br><strong>Dec. 26. <\/strong>Szent Csal\u00e1d Vas\u00e1rnapja , a szentmise <strong>17 \u00f3ra<\/strong>kor kezd\u0151dik  <\/p>\n\n\n\n<p><\/p>\n","protected":false},"excerpt":{"rendered":"<p>Kar\u00e1csony \u00fcnnep\u00e9nek miserendje:<\/p>\n","protected":false},"author":1,"featured_media":0,"comment_status":"closed","ping_status":"closed","sticky":false,"template":"","format":"standard","meta":{"footnotes":""},"categories":[1],"tags":[],"class_list":["post-690","post","type-post","status-publish","format-standard","hentry","category-egyeb"],"_links":{"self":[{"href":"https:\/\/balatonkeresztur.plebania.hu\/index.php\/wp-json\/wp\/v2\/posts\/690","targetHints":{"allow":["GET"]}}],"collection":[{"href":"https:\/\/balatonkeresztur.plebania.hu\/index.php\/wp-json\/wp\/v2\/posts"}],"about":[{"href":"https:\/\/balatonkeresztur.plebania.hu\/index.php\/wp-json\/wp\/v2\/types\/post"}],"author":[{"embeddable":true,"href":"https:\/\/balatonkeresztur.plebania.hu\/index.php\/wp-json\/wp\/v2\/users\/1"}],"replies":[{"embeddable":true,"href":"https:\/\/balatonkeresztur.plebania.hu\/index.php\/wp-json\/wp\/v2\/comments?post=690"}],"version-history":[{"count":3,"href":"https:\/\/balatonkeresztur.plebania.hu\/index.php\/wp-json\/wp\/v2\/posts\/690\/revisions"}],"predecessor-version":[{"id":697,"href":"https:\/\/balatonkeresztur.plebania.hu\/index.php\/wp-json\/wp\/v2\/posts\/690\/revisions\/697"}],"wp:attachment":[{"href":"https:\/\/balatonkeresztur.plebania.hu\/index.php\/wp-json\/wp\/v2\/media?parent=690"}],"wp:term":[{"taxonomy":"category","embeddable":true,"href":"https:\/\/balatonkeresztur.plebania.hu\/index.php\/wp-json\/wp\/v2\/categories?post=690"},{"taxonomy":"post_tag","embeddable":true,"href":"https:\/\/balatonkeresztur.plebania.hu\/index.php\/wp-json\/wp\/v2\/tags?post=690"}],"curies":[{"name":"wp","href":"https:\/\/api.w.org\/{rel}","templated":true}]}}