{"id":656,"date":"2021-11-02T11:28:30","date_gmt":"2021-11-02T11:28:30","guid":{"rendered":"https:\/\/balatonkeresztur.plebania.hu\/?p=656"},"modified":"2022-03-04T16:57:07","modified_gmt":"2022-03-04T16:57:07","slug":"jarvanyugyi-rendelkezesek-a-kaposvari-egyhazmegyeben","status":"publish","type":"post","link":"https:\/\/balatonkeresztur.plebania.hu\/index.php\/2021\/11\/02\/jarvanyugyi-rendelkezesek-a-kaposvari-egyhazmegyeben\/","title":{"rendered":"J\u00e1rv\u00e1ny\u00fcgyi rendelkez\u00e9sek a Kaposv\u00e1ri Egyh\u00e1zmegy\u00e9ben"},"content":{"rendered":"\n<p>Varga L\u00e1szl\u00f3 megy\u00e9sp\u00fcsp\u00f6k 2021. november 7-\u00e9t\u0151l az al\u00e1bbi rendelkez\u00e9seket l\u00e9pteti \u00e9letbe a Kaposv\u00e1ri Egyh\u00e1zmegy\u00e9ben.<\/p>\n\n\n\n<!--more-->\n\n\n\n<p>&#8211; Templomainkban a szentmis\u00e9ken \u00e9s egy\u00e9b liturgikus tev\u00e9kenys\u00e9g sor\u00e1n a maszk haszn\u00e1lata k\u00f6telez\u0151.<\/p>\n\n\n\n<p>&#8211; \u00c1ldoztat\u00e1skor a f\u0151celebr\u00e1nsnak is maszkot kell viselnie. Minden \u00e1ldoztat\u00f3 az \u00e1ldoztat\u00e1s megkezd\u00e9se el\u0151tt \u00e9s \u00e1ldoztat\u00e1s ut\u00e1n fert\u0151tlen\u00edtse kezeit. Az \u00e1ldoztat\u00e1s csak k\u00e9zbe t\u00f6rt\u00e9nhet.<\/p>\n\n\n\n<p>&#8211; A k\u00e9zfog\u00e1st a liturgi\u00e1ban mell\u0151zz\u00fck!<\/p>\n\n\n\n<p>&#8211; A szenteltv\u00edztart\u00f3kat \u00fcr\u00edts\u00fck ki, a bej\u00e1ratn\u00e1l legyen fert\u0151tlen\u00edt\u0151szer kihelyezve.<\/p>\n\n\n\n<p>&#8211; A perselyez\u00e9s az \u00e1ldoztat\u00e1s ut\u00e1n a hirdet\u00e9sek alatt, vagy a h\u00edvek templomb\u00f3l val\u00f3 t\u00e1voz\u00e1sakor legyen.<\/p>\n\n\n\n<p>&#8211; Akik fels\u0151 l\u00e9g\u00fati betegs\u00e9g t\u00fcneteit \u00e9szlelik magukon (k\u00f6h\u00f6g\u00e9s, t\u00fcssz\u00f6g\u00e9s, orrfoly\u00e1s), ne menjenek templomba \u00e9s k\u00f6z\u00f6ss\u00e9gbe. Ebben az esetben r\u00e1juk, mint minden beteg eset\u00e9ben, a vas\u00e1rnapi szentmis\u00e9n val\u00f3 r\u00e9szv\u00e9tel k\u00f6telezetts\u00e9ge al\u00f3li felment\u00e9s \u00e9rv\u00e9nyes.<\/p>\n\n\n\n<p>Az emberszeretet parancsa \u00e9s az egym\u00e1s\u00e9rt \u00e9rzett felel\u0151ss\u00e9g \u00f6szt\u00f6n\u00f6zz\u00f6n mindannyiunkat a fert\u0151z\u00e9sek megel\u0151z\u00e9s\u00e9re tett int\u00e9zked\u00e9sek k\u00f6vetkezetes betart\u00e1s\u00e1ra! Im\u00e1dkozzunk a j\u00e1rv\u00e1ny miel\u0151bbi megsz\u0171n\u00e9s\u00e9\u00e9rt!<\/p>\n\n\n\n<p>Kaposv\u00e1r, 2021. okt\u00f3ber 30.<\/p>\n\n\n\n<p>forr\u00e1s: <a href=\"https:\/\/kaposvar.egyhazmegye.hu\/index.php\/hirek\/item\/819-jarvanyugyi-rendelkezesek-a-kaposvari-egyhazmegyeben\" target=\"_blank\" rel=\"noreferrer noopener\">Kaposv\u00e1ri Egyh\u00e1zmegye<\/a><\/p>\n","protected":false},"excerpt":{"rendered":"<p>Varga L\u00e1szl\u00f3 megy\u00e9sp\u00fcsp\u00f6k 2021. november 7-\u00e9t\u0151l az al\u00e1bbi rendelkez\u00e9seket l\u00e9pteti \u00e9letbe a Kaposv\u00e1ri Egyh\u00e1zmegy\u00e9ben.<\/p>\n","protected":false},"author":1,"featured_media":0,"comment_status":"closed","ping_status":"closed","sticky":false,"template":"","format":"standard","meta":{"footnotes":""},"categories":[1],"tags":[],"class_list":["post-656","post","type-post","status-publish","format-standard","hentry","category-egyeb"],"_links":{"self":[{"href":"https:\/\/balatonkeresztur.plebania.hu\/index.php\/wp-json\/wp\/v2\/posts\/656","targetHints":{"allow":["GET"]}}],"collection":[{"href":"https:\/\/balatonkeresztur.plebania.hu\/index.php\/wp-json\/wp\/v2\/posts"}],"about":[{"href":"https:\/\/balatonkeresztur.plebania.hu\/index.php\/wp-json\/wp\/v2\/types\/post"}],"author":[{"embeddable":true,"href":"https:\/\/balatonkeresztur.plebania.hu\/index.php\/wp-json\/wp\/v2\/users\/1"}],"replies":[{"embeddable":true,"href":"https:\/\/balatonkeresztur.plebania.hu\/index.php\/wp-json\/wp\/v2\/comments?post=656"}],"version-history":[{"count":1,"href":"https:\/\/balatonkeresztur.plebania.hu\/index.php\/wp-json\/wp\/v2\/posts\/656\/revisions"}],"predecessor-version":[{"id":657,"href":"https:\/\/balatonkeresztur.plebania.hu\/index.php\/wp-json\/wp\/v2\/posts\/656\/revisions\/657"}],"wp:attachment":[{"href":"https:\/\/balatonkeresztur.plebania.hu\/index.php\/wp-json\/wp\/v2\/media?parent=656"}],"wp:term":[{"taxonomy":"category","embeddable":true,"href":"https:\/\/balatonkeresztur.plebania.hu\/index.php\/wp-json\/wp\/v2\/categories?post=656"},{"taxonomy":"post_tag","embeddable":true,"href":"https:\/\/balatonkeresztur.plebania.hu\/index.php\/wp-json\/wp\/v2\/tags?post=656"}],"curies":[{"name":"wp","href":"https:\/\/api.w.org\/{rel}","templated":true}]}}