{"id":65,"date":"2018-07-28T06:59:54","date_gmt":"2018-07-28T06:59:54","guid":{"rendered":"http:\/\/balatonkeresztur.plebania.hu\/?p=65"},"modified":"2018-07-28T07:09:31","modified_gmt":"2018-07-28T07:09:31","slug":"valtozas","status":"publish","type":"post","link":"https:\/\/balatonkeresztur.plebania.hu\/index.php\/2018\/07\/28\/valtozas\/","title":{"rendered":"V\u00e1ltoz\u00e1s"},"content":{"rendered":"<p>Aug. 1. napj\u00e1t\u00f3l v\u00e1ltoz\u00e1s \u00e1ll be a balatonkereszt\u00fari \u00e9s a balatonfenyvesi pl\u00e9b\u00e1ni\u00e1k \u00e9let\u00e9ben. <!--more-->\u00daj pl\u00e9b\u00e1nos \u00e9rkezik Zsolt atya szem\u00e9ly\u00e9ben. \u00daj honlap is k\u00e9sz\u00fcl, mely folyamatosan b\u0151v\u00fclni fog. Jelenleg a legfontosabb inform\u00e1ci\u00f3kat tartalmazza, a felt\u00f6lt\u00e9sig kis t\u00fcrelmet k\u00e9rek.<\/p>\n<p><strong>Fontos: a miserend a ny\u00e1ri szezonban m\u00e9g nem v\u00e1ltozik, teh\u00e1t aug. 20-ig a szok\u00e1sos id\u0151ben lesznek szentmis\u00e9ink!<\/strong><\/p>\n<p>Els\u0151 szentmis\u00e9met aug. 4-\u00e9n szombaton, Vianney Szent J\u00e1nos \u00fcnnep\u00e9n mondom\u00a0<span style=\"display: inline !important; float: none; background-color: transparent; color: #333333; cursor: text; font-family: 'Helvetica Neue',Helvetica,Arial,'Nimbus Sans L',sans-serif; font-size: 15px; font-style: normal; font-variant: normal; font-weight: 300; letter-spacing: normal; orphans: 2; text-align: left; text-decoration: none; text-indent: 0px; text-transform: none; -webkit-text-stroke-width: 0px; white-space: normal; word-spacing: 0px;\">Balatonkereszt\u00faron 17 \u00f3rakor, Balatonfenyvesen a Szent Erzs\u00e9bet templomban ugyanezen a napon 19 \u00f3rakor.<\/span><\/p>\n<p>Telefonsz\u00e1mom \u00e9s e-mail c\u00edmem az &#8222;el\u00e9rhet\u0151s\u00e9g&#8221; men\u00fcben olvashat\u00f3 (aug. 1. napj\u00e1t\u00f3l \u00e9lnek!).<\/p>\n<p>A J\u00f3 Isten vezessen mindannyiunkat!<\/p>\n","protected":false},"excerpt":{"rendered":"<p>Aug. 1. napj\u00e1t\u00f3l v\u00e1ltoz\u00e1s \u00e1ll be a balatonkereszt\u00fari \u00e9s a balatonfenyvesi pl\u00e9b\u00e1ni\u00e1k \u00e9let\u00e9ben.<\/p>\n","protected":false},"author":1,"featured_media":0,"comment_status":"closed","ping_status":"open","sticky":false,"template":"","format":"standard","meta":{"footnotes":""},"categories":[1],"tags":[],"class_list":["post-65","post","type-post","status-publish","format-standard","hentry","category-egyeb"],"_links":{"self":[{"href":"https:\/\/balatonkeresztur.plebania.hu\/index.php\/wp-json\/wp\/v2\/posts\/65","targetHints":{"allow":["GET"]}}],"collection":[{"href":"https:\/\/balatonkeresztur.plebania.hu\/index.php\/wp-json\/wp\/v2\/posts"}],"about":[{"href":"https:\/\/balatonkeresztur.plebania.hu\/index.php\/wp-json\/wp\/v2\/types\/post"}],"author":[{"embeddable":true,"href":"https:\/\/balatonkeresztur.plebania.hu\/index.php\/wp-json\/wp\/v2\/users\/1"}],"replies":[{"embeddable":true,"href":"https:\/\/balatonkeresztur.plebania.hu\/index.php\/wp-json\/wp\/v2\/comments?post=65"}],"version-history":[{"count":3,"href":"https:\/\/balatonkeresztur.plebania.hu\/index.php\/wp-json\/wp\/v2\/posts\/65\/revisions"}],"predecessor-version":[{"id":68,"href":"https:\/\/balatonkeresztur.plebania.hu\/index.php\/wp-json\/wp\/v2\/posts\/65\/revisions\/68"}],"wp:attachment":[{"href":"https:\/\/balatonkeresztur.plebania.hu\/index.php\/wp-json\/wp\/v2\/media?parent=65"}],"wp:term":[{"taxonomy":"category","embeddable":true,"href":"https:\/\/balatonkeresztur.plebania.hu\/index.php\/wp-json\/wp\/v2\/categories?post=65"},{"taxonomy":"post_tag","embeddable":true,"href":"https:\/\/balatonkeresztur.plebania.hu\/index.php\/wp-json\/wp\/v2\/tags?post=65"}],"curies":[{"name":"wp","href":"https:\/\/api.w.org\/{rel}","templated":true}]}}