{"id":649,"date":"2021-10-15T14:21:40","date_gmt":"2021-10-15T14:21:40","guid":{"rendered":"https:\/\/balatonkeresztur.plebania.hu\/?p=649"},"modified":"2021-10-15T14:26:32","modified_gmt":"2021-10-15T14:26:32","slug":"szent-fausztina-lelkinap-2","status":"publish","type":"post","link":"https:\/\/balatonkeresztur.plebania.hu\/index.php\/2021\/10\/15\/szent-fausztina-lelkinap-2\/","title":{"rendered":"Szent Fausztina Lelkinap"},"content":{"rendered":"\n<p>2021. okt\u00f3ber 9-\u00e9n 14.00 \u00f3r\u00e1t\u00f3l rendezte meg a balatonkereszt\u00fari karit\u00e1sz csoport Szent Fausztina hal\u00e1l\u00e1nak \u00e9vfordul\u00f3ja alkalm\u00e1b\u00f3l hagyom\u00e1nyteremt\u0151 sz\u00e1nd\u00e9kkal az els\u0151 lelkinapot.<\/p>\n\n\n\n<!--more-->\n\n\n\n<p>A k\u00f6sz\u00f6nt\u0151ben elhangzott, hogy a csoport tagjai nemcsak a neh\u00e9z anyagi helyzetben \u00e9l\u0151k ruha- vagy \u00e9lelmiszer adom\u00e1nnyal t\u00f6rt\u00e9n\u0151 megseg\u00edt\u00e9s\u00e9t tartj\u00e1k fontosnak, hanem az embert\u00e1rsainknak t\u00f6rt\u00e9n\u0151 lelki seg\u00edts\u00e9gny\u00fajt\u00e1st, az irgalmass\u00e1g gyakorl\u00e1s\u00e1t is.<\/p>\n\n\n\n<p>Ennek megval\u00f3s\u00edt\u00e1s\u00e1hoz j\u00e1rult hozz\u00e1 a szombati lelki program, ahol egy\u00fctt im\u00e1dkoztuk az isteni irgalmass\u00e1g r\u00f3zsaf\u0171z\u00e9rt, Szent Fausztina im\u00e1j\u00e1t, az isteni irgalmass\u00e1g lit\u00e1ni\u00e1t \u00e9s a k\u00f6ny\u00f6rg\u00e9seket, majd \u00e9nekkel z\u00e1rtuk az ima\u00f3r\u00e1t.<\/p>\n\n\n\n<p>Ezt k\u00f6vet\u0151en Fekete Csaba diak\u00f3nus tan\u00edt\u00e1s\u00e1t hallhattuk, aki Szent Fausztina napl\u00f3ja alapj\u00e1n besz\u00e9lt az irgalmass\u00e1g \u00e9letszer\u0171 gyakorl\u00e1s\u00e1r\u00f3l, t\u00f6bbek k\u00f6z\u00f6tt arr\u00f3l, hogy nem a k\u00fcls\u0151s\u00e9g, a sok ima a fontos, hanem az \u00e1t\u00e9lt, bens\u0151s\u00e9ges im\u00e1ds\u00e1g, a hit szeretetteljes gyakorl\u00e1sa \u00e9s tov\u00e1bbad\u00e1sa. Nem az sz\u00e1m\u00edt pl. hogy dolgozunk vas\u00e1rnap, hanem hogy a J\u00f3 Isten vel\u00fcnk, benn\u00fcnk legyen, ne n\u00e9lk\u00fcle akarjuk megval\u00f3s\u00edtani a tev\u00e9kenys\u00e9g\u00fcnket.<\/p>\n\n\n\n<p>A karit\u00e1sz csoport tagjai k\u00f6z\u00fcl volt, akit az fogott meg, hogy a szentek p\u00e9ld\u00e1j\u00e1val mutatta be a diak\u00f3nus a krisztusi p\u00e9ldamutat\u00e1st, Isten orsz\u00e1g\u00e1ba eljut\u00e1s \u00fatj\u00e1t, bemutatta, hogy mik a teend\u0151ink, amelyek t\u00fckr\u00f6zik a mennyei Atya szeretet\u00e9t. Ha felismerj\u00fck J\u00e9zus hangj\u00e1t, \u00e9rezz\u00fck, hogy megh\u00edv benn\u00fcnket az \u00fcdv\u00f6ss\u00e9g fel\u00e9 vezet\u0151 \u00fatra, felismerj\u00fck a Szent L\u00e9lek vezet\u00e9s\u00e9t, j\u00f3 \u00faton haladunk.<\/p>\n\n\n\n<p>Volt, akinek a lelki nap a r\u00e1k\u00e9sz\u00fcl\u00e9s izgalm\u00e1t, a v\u00e1rakoz\u00e1st, felszabadults\u00e1got, \u00f6r\u00f6m\u00f6t adta, amely min\u00e9l t\u00f6bbsz\u00f6ri mosolyra \u00f6szt\u00f6n\u00f6z.<\/p>\n\n\n\n<p>A tan\u00edt\u00e1s ut\u00e1n sz\u00fcnet k\u00f6vetkezett, a templom bej\u00e1rat\u00e1hoz k\u00f6zeli szabad t\u00e9ren lehet\u0151s\u00e9g volt a szent gy\u00f3n\u00e1s elv\u00e9gz\u00e9s\u00e9re, amelyn\u00e9l k\u00e9t vend\u00e9g atya is seg\u00e9dkezett.<\/p>\n\n\n\n<p>A lelki nap szentmis\u00e9vel z\u00e1rult, amelynek pr\u00e9dik\u00e1ci\u00f3j\u00e1ban a diak\u00f3nus folytatta a tan\u00edt\u00e1sa sor\u00e1n elkezdett gondolatsort Szent Fausztina napl\u00f3ja alapj\u00e1n.<\/p>\n\n\n\n<p><a rel=\"noreferrer noopener\" href=\"https:\/\/photos.app.goo.gl\/hwwaATUdzaekFSZC6\" target=\"_blank\"><img decoding=\"async\" class=\"wp-image-650\" style=\"width: 150px;\" src=\"http:\/\/balatonkeresztur.plebania.hu\/wp-content\/uploads\/2021\/10\/DSCF0600.jpg\" alt=\"\"><\/a><\/p>\n\n\n\n<p>Ezt k\u00f6vet\u0151en minden jelenl\u00e9v\u0151t megh\u00edvtunk a Szent Istv\u00e1n h\u00e1zban el\u0151k\u00e9sz\u00edtett agap\u00e9ra.<\/p>\n\n\n\n<p>Ez\u00faton is k\u00f6sz\u00f6nj\u00fck a falubeliek nagylelk\u0171 s\u00fctem\u00e9nyadom\u00e1ny\u00e1t, amelyet a vend\u00e9gek r\u00e9sz\u00e9re hoztak.<\/p>\n\n\n\n<p>A diak\u00f3nuson \u00e9s a vend\u00e9g aty\u00e1kon k\u00edv\u00fcl a kaposv\u00e1ri karit\u00e1sz k\u00f6zpont k\u00e9pviseltette mag\u00e1t, valamint a keszthelyi benc\u00e9s obl\u00e1ta csoport tagjai is elj\u00f6ttek hozz\u00e1nk. A mis\u00e9t a templom k\u00f3rusa \u00e9nekeivel sz\u00ednes\u00edtette, amelyet k\u00f6sz\u00f6n\u00fcnk nekik.<\/p>\n\n\n\n<p>Nagy \u00f6r\u00f6m\u00fcnkre szolg\u00e1lt, hogy az id\u0151j\u00e1r\u00e1s kegyes volt a J\u00f3 Isten aj\u00e1nd\u00e9kak\u00e9nt hozz\u00e1nk, gy\u00f6ny\u00f6r\u0171 naps\u00fct\u00e9ses id\u0151ben telt a d\u00e9lut\u00e1n.<\/p>\n\n\n\n<p>T\u00f6bben k\u00e9rt\u00e9k, hogy gyakrabban legyen hasonl\u00f3 lelki program, amely a karit\u00e1sz csoport tagjaira \u00f6szt\u00f6nz\u0151 hat\u00e1ssal volt a folytat\u00e1shoz. Rem\u00e9lj\u00fck, hogy a legk\u00f6zelebbi lelki napunkon m\u00e9g t\u00f6bb lelki t\u00f6ltekez\u00e9sre v\u00e1gy\u00f3 ember vesz r\u00e9szt.<\/p>\n\n\n\n<p>Fontos a h\u00e1l\u00e1nk a J\u00f3 Isten fel\u00e9, hiszen az \u0151 kegyelme, \u00e1ld\u00e1sa n\u00e9lk\u00fcl nem j\u00f6hett\u00fcnk volna ezen a napon \u00f6ssze.<\/p>\n\n\n\n<p>Karit\u00e1sz csoport<\/p>\n","protected":false},"excerpt":{"rendered":"<p>2021. okt\u00f3ber 9-\u00e9n 14.00 \u00f3r\u00e1t\u00f3l rendezte meg a balatonkereszt\u00fari karit\u00e1sz csoport Szent Fausztina hal\u00e1l\u00e1nak \u00e9vfordul\u00f3ja alkalm\u00e1b\u00f3l hagyom\u00e1nyteremt\u0151 sz\u00e1nd\u00e9kkal az els\u0151 lelkinapot.<\/p>\n","protected":false},"author":1,"featured_media":0,"comment_status":"closed","ping_status":"open","sticky":false,"template":"","format":"standard","meta":{"footnotes":""},"categories":[1],"tags":[],"class_list":["post-649","post","type-post","status-publish","format-standard","hentry","category-egyeb"],"_links":{"self":[{"href":"https:\/\/balatonkeresztur.plebania.hu\/index.php\/wp-json\/wp\/v2\/posts\/649","targetHints":{"allow":["GET"]}}],"collection":[{"href":"https:\/\/balatonkeresztur.plebania.hu\/index.php\/wp-json\/wp\/v2\/posts"}],"about":[{"href":"https:\/\/balatonkeresztur.plebania.hu\/index.php\/wp-json\/wp\/v2\/types\/post"}],"author":[{"embeddable":true,"href":"https:\/\/balatonkeresztur.plebania.hu\/index.php\/wp-json\/wp\/v2\/users\/1"}],"replies":[{"embeddable":true,"href":"https:\/\/balatonkeresztur.plebania.hu\/index.php\/wp-json\/wp\/v2\/comments?post=649"}],"version-history":[{"count":4,"href":"https:\/\/balatonkeresztur.plebania.hu\/index.php\/wp-json\/wp\/v2\/posts\/649\/revisions"}],"predecessor-version":[{"id":654,"href":"https:\/\/balatonkeresztur.plebania.hu\/index.php\/wp-json\/wp\/v2\/posts\/649\/revisions\/654"}],"wp:attachment":[{"href":"https:\/\/balatonkeresztur.plebania.hu\/index.php\/wp-json\/wp\/v2\/media?parent=649"}],"wp:term":[{"taxonomy":"category","embeddable":true,"href":"https:\/\/balatonkeresztur.plebania.hu\/index.php\/wp-json\/wp\/v2\/categories?post=649"},{"taxonomy":"post_tag","embeddable":true,"href":"https:\/\/balatonkeresztur.plebania.hu\/index.php\/wp-json\/wp\/v2\/tags?post=649"}],"curies":[{"name":"wp","href":"https:\/\/api.w.org\/{rel}","templated":true}]}}