{"id":642,"date":"2021-09-25T18:43:05","date_gmt":"2021-09-25T18:43:05","guid":{"rendered":"https:\/\/balatonkeresztur.plebania.hu\/?p=642"},"modified":"2021-09-25T18:46:33","modified_gmt":"2021-09-25T18:46:33","slug":"szent-fausztina-lelkinap","status":"publish","type":"post","link":"https:\/\/balatonkeresztur.plebania.hu\/index.php\/2021\/09\/25\/szent-fausztina-lelkinap\/","title":{"rendered":"Szent Fausztina Lelkinap"},"content":{"rendered":"\n<p>Szent Fausztina Lelkinap lesz a Balatonkereszt\u00fari Karit\u00e1sz Csoport szervez\u00e9s\u00e9ben 2021. okt. 9-\u00e9n, szombaton.<\/p>\n\n\n\n<!--more-->\n\n\n\n<p>Program:<\/p>\n\n\n\n<figure class=\"wp-block-image size-full\"><img loading=\"lazy\" decoding=\"async\" width=\"1025\" height=\"635\" src=\"https:\/\/balatonkeresztur.plebania.hu\/wp-content\/uploads\/2021\/09\/kep.png\" alt=\"\" class=\"wp-image-643\" srcset=\"https:\/\/balatonkeresztur.plebania.hu\/wp-content\/uploads\/2021\/09\/kep.png 1025w, https:\/\/balatonkeresztur.plebania.hu\/wp-content\/uploads\/2021\/09\/kep-768x476.png 768w\" sizes=\"auto, (max-width: 1025px) 100vw, 1025px\" \/><\/figure>\n","protected":false},"excerpt":{"rendered":"<p>Szent Fausztina Lelkinap lesz a Balatonkereszt\u00fari Karit\u00e1sz Csoport szervez\u00e9s\u00e9ben 2021. okt. 9-\u00e9n, szombaton.<\/p>\n","protected":false},"author":1,"featured_media":0,"comment_status":"closed","ping_status":"open","sticky":false,"template":"","format":"standard","meta":{"footnotes":""},"categories":[1],"tags":[],"class_list":["post-642","post","type-post","status-publish","format-standard","hentry","category-egyeb"],"_links":{"self":[{"href":"https:\/\/balatonkeresztur.plebania.hu\/index.php\/wp-json\/wp\/v2\/posts\/642","targetHints":{"allow":["GET"]}}],"collection":[{"href":"https:\/\/balatonkeresztur.plebania.hu\/index.php\/wp-json\/wp\/v2\/posts"}],"about":[{"href":"https:\/\/balatonkeresztur.plebania.hu\/index.php\/wp-json\/wp\/v2\/types\/post"}],"author":[{"embeddable":true,"href":"https:\/\/balatonkeresztur.plebania.hu\/index.php\/wp-json\/wp\/v2\/users\/1"}],"replies":[{"embeddable":true,"href":"https:\/\/balatonkeresztur.plebania.hu\/index.php\/wp-json\/wp\/v2\/comments?post=642"}],"version-history":[{"count":3,"href":"https:\/\/balatonkeresztur.plebania.hu\/index.php\/wp-json\/wp\/v2\/posts\/642\/revisions"}],"predecessor-version":[{"id":646,"href":"https:\/\/balatonkeresztur.plebania.hu\/index.php\/wp-json\/wp\/v2\/posts\/642\/revisions\/646"}],"wp:attachment":[{"href":"https:\/\/balatonkeresztur.plebania.hu\/index.php\/wp-json\/wp\/v2\/media?parent=642"}],"wp:term":[{"taxonomy":"category","embeddable":true,"href":"https:\/\/balatonkeresztur.plebania.hu\/index.php\/wp-json\/wp\/v2\/categories?post=642"},{"taxonomy":"post_tag","embeddable":true,"href":"https:\/\/balatonkeresztur.plebania.hu\/index.php\/wp-json\/wp\/v2\/tags?post=642"}],"curies":[{"name":"wp","href":"https:\/\/api.w.org\/{rel}","templated":true}]}}