{"id":633,"date":"2021-07-24T19:20:03","date_gmt":"2021-07-24T19:20:03","guid":{"rendered":"http:\/\/balatonkeresztur.plebania.hu\/?p=633"},"modified":"2021-09-25T15:29:43","modified_gmt":"2021-09-25T15:29:43","slug":"mindennap-veled-vagyok-ferenc-papa-uzenete-a-nagyszulok-es-idosek-elso-vilagnapjara","status":"publish","type":"post","link":"https:\/\/balatonkeresztur.plebania.hu\/index.php\/2021\/07\/24\/mindennap-veled-vagyok-ferenc-papa-uzenete-a-nagyszulok-es-idosek-elso-vilagnapjara\/","title":{"rendered":"\u201eMindennap veled vagyok\u201d \u2013 Ferenc p\u00e1pa \u00fczenete a nagysz\u00fcl\u0151k \u00e9s id\u0151sek els\u0151 vil\u00e1gnapj\u00e1ra"},"content":{"rendered":"\n<p>Kedves Nagypap\u00e1k \u00e9s Nagymam\u00e1k!<\/p>\n\n\n\n<p>Kedves Id\u0151s Bar\u00e1taim!<\/p>\n\n\n\n<p>\u201e\u00c9n veletek vagyok minden nap\u201d (Mt 28,20): ezt az \u00edg\u00e9retet tette az \u00dar a tan\u00edtv\u00e1nyainak, miel\u0151tt f\u00f6lment a mennybe. Ezeket a szavakat ism\u00e9tli ma nektek, kedves Nagyap\u00e1k \u00e9s Nagymam\u00e1k, kedves Id\u0151s Bar\u00e1taim.\u00a0 \u201e\u00c9n veletek vagyok minden nap\u201d &#8211; ezek azok a szavak, amelyeket \u00e9n is mint R\u00f3ma p\u00fcsp\u00f6ke \u00e9s mint hozz\u00e1tok hasonl\u00f3an id\u0151s ember, szeretn\u00e9k hozz\u00e1tok int\u00e9zni ezen a Nagysz\u00fcl\u0151k \u00e9s Id\u0151sek els\u0151 Vil\u00e1gnapj\u00e1n. Az eg\u00e9sz Egyh\u00e1z k\u00f6zel \u00e1ll hozz\u00e1tok \u2013 hozz\u00e1nk \u2013, t\u00f6r\u0151dik veletek, szeret benneteket, \u00e9s nem akar benneteket magatokra hagyni!<\/p>\n\n\n\n<!--more-->\n\n\n\n<p>J\u00f3l tudom, hogy ez az \u00fczenet neh\u00e9z id\u0151szakban \u00e9rkezik hozz\u00e1tok: a vil\u00e1gj\u00e1rv\u00e1ny v\u00e1ratlan \u00e9s d\u00fch\u00f6dt vihark\u00e9nt s\u00f6p\u00f6rt v\u00e9gig rajtunk; ez mindenki sz\u00e1m\u00e1ra, de k\u00fcl\u00f6n\u00f6sen sz\u00e1munkra, id\u0151sek sz\u00e1m\u00e1ra a megpr\u00f3b\u00e1ltat\u00e1sok id\u0151szaka volt. Sokan k\u00f6z\u00fcl\u00fcnk megbetegedtek, m\u00e1sok meghaltak vagy \u00e1t\u00e9lt\u00e9k h\u00e1zast\u00e1rsuk vagy szeretteik hal\u00e1l\u00e1t, m\u00edg m\u00e1sok hossz\u00fa id\u0151re elszigetel\u0151dtek \u00e9s egyed\u00fcl maradtak.<\/p>\n\n\n\n<p>Az \u00dar tiszt\u00e1ban van mindazzal, amin kereszt\u00fclment\u00fcnk ebben az id\u0151szakban. K\u00f6zel van azokhoz, akik elszigeteltnek \u00e9s mag\u00e1nyosnak \u00e9rezt\u00e9k magukat. Olyan \u00e9rz\u00e9sek ezek, amelyek a vil\u00e1gj\u00e1rv\u00e1ny idej\u00e9n m\u00e9g ink\u00e1bb feler\u0151s\u00f6dtek. A hagyom\u00e1ny szerint Szent Joachim, J\u00e9zus nagyapja elidegenedettnek \u00e9rezte mag\u00e1t a k\u00f6rnyezet\u00e9t\u0151l, mert nem voltak gyermekei; \u00e9let\u00e9t, ak\u00e1rcsak feles\u00e9g\u00e9nek, Ann\u00e1nak az \u00e9let\u00e9t, haszontalannak tartott\u00e1k. Ez\u00e9rt az \u00dar elk\u00fcld\u00f6tt egy angyalt, hogy megvigasztalja \u0151t. Mik\u00f6zben szomor\u00faan merengett a v\u00e1ros kapuja el\u0151tt, megjelent neki az \u00dar angyala, \u00e9s \u00edgy sz\u00f3lt: \u201eJoachim, Joachim! Az \u00dar meghallgatta kitart\u00f3 im\u00e1ds\u00e1godat\u201d<a href=\"#_ftn1\">[1]<\/a>. Giotto egyik h\u00edres fresk\u00f3j\u00e1n<a href=\"#_ftn2\">[2]<\/a> \u00fagy t\u0171nik, hogy a jelenetet \u00e9jszaka j\u00e1tsz\u00f3dik, a sok \u00e1lmatlan \u00e9jszaka egyik\u00e9n \u2013 tele eml\u00e9kekkel, aggodalmakkal \u00e9s v\u00e1gyakoz\u00e1ssal \u2013 amelyekhez sokan hozz\u00e1 vagyunk szokva.<\/p>\n\n\n\n<p>M\u00e9g a legs\u00f6t\u00e9tebb pillanatokban is, mint ezekben a vil\u00e1gj\u00e1rv\u00e1nyos h\u00f3napokban, az \u00dar tov\u00e1bbra is <em>angyalokat<\/em> k\u00fcld, hogy vigasztaljanak a mag\u00e1nyban \u00e9s eml\u00e9keztessenek benn\u00fcnket: \u201e\u00c9n veletek vagyok minden nap\u201d. Ezt \u00fczeni nektek, \u00e9s ezt mondja nekem is. Ez ennek a napnak az \u00e9rtelme, amelyet ebben a konkr\u00e9t \u00e9vben \u2013 amikor v\u00e9get \u00e9r a hossz\u00fa elszigetelts\u00e9g id\u0151szaka, \u00e9s lassan \u00fajraindul a t\u00e1rsadalmi \u00e9let \u2013 el\u0151sz\u00f6r akartam meg\u00fcnnepelni. Minden nagyapa, minden nagymama, minden id\u0151s ember, k\u00fcl\u00f6n\u00f6sen azok, akik k\u00f6z\u00fcl\u00fcnk a legmag\u00e1nyosabbak, kapj\u00e1k meg egy <em>angyal <\/em>l\u00e1togat\u00e1s\u00e1t!<\/p>\n\n\n\n<p>N\u00e9ha ezek az angyalok az unok\u00e1ink arc\u00e1t fogj\u00e1k viselni, m\u00e1skor pedig csal\u00e1dtagok\u00e9t, \u00e9letre sz\u00f3l\u00f3 bar\u00e1tok\u00e9t vagy olyanok\u00e9t, akiket ezekben a neh\u00e9z id\u0151kben ismert\u00fcnk meg, amikor megtanultuk, milyen fontosak az \u00f6lel\u00e9sek \u00e9s a l\u00e1togat\u00e1sok mindannyiunk sz\u00e1m\u00e1ra. Milyen szomor\u00fav\u00e1 tesz, hogy egyes helyeken ez m\u00e9g mindig nem lehets\u00e9ges!<\/p>\n\n\n\n<p>Az \u00dar azonban szavain kereszt\u00fcl is h\u00edrn\u00f6k\u00f6ket k\u00fcld nek\u00fcnk, s ezek mindig k\u00e9zn\u00e9l vannak. Pr\u00f3b\u00e1ljuk meg minden nap elolvasni az evang\u00e9lium egy oldal\u00e1t, im\u00e1dkozzunk a zsolt\u00e1rokkal, olvassuk a pr\u00f3f\u00e9t\u00e1kat! Az \u00dar h\u0171s\u00e9ge meg fog benn\u00fcnket vigasztalni.&nbsp; A Szent\u00edr\u00e1s seg\u00edts\u00e9get ny\u00fajt nek\u00fcnk abban is, hogy meg\u00e9rts\u00fck, mit k\u00e9r ma az \u00dar az \u00e9let\u00fcnkt\u0151l. Mert a nap minden \u00f3r\u00e1j\u00e1ban (v\u00f6. Mt 20,1-16) \u00e9s az \u00e9let minden id\u0151szak\u00e1ban tov\u00e1bbra is k\u00fcld munk\u00e1sokat sz\u0151l\u0151j\u00e9be. Akkor kaptam elh\u00edv\u00e1st R\u00f3ma p\u00fcsp\u00f6k\u00e9nek, amikor m\u00e1r \u00fagymond el\u00e9rtem a nyugd\u00edjkorhat\u00e1rt \u00e9s \u00fagy gondoltam, hogy nem fogok semmi \u00fajat csin\u00e1lni. Az \u00dar mindig \u2013 <em>mindig<\/em> \u2013 k\u00f6zel van hozz\u00e1nk. K\u00f6zel van hozz\u00e1nk \u00faj lehet\u0151s\u00e9gekkel, \u00faj \u00f6tletekkel, \u00faj vigasztal\u00e1sokkal, mindig k\u00f6zel van hozz\u00e1nk. Tudj\u00e1tok, hogy az \u00dar \u00f6r\u00f6kk\u00e9val\u00f3; soha, de soha nem megy nyugd\u00edjba.<\/p>\n\n\n\n<p>M\u00e1t\u00e9 evang\u00e9lium\u00e1ban J\u00e9zus azt mondja az apostoloknak: \u201eMenjetek teh\u00e1t, \u00e9s tegyetek tan\u00edtv\u00e1nny\u00e1 minden n\u00e9pet. Keresztelj\u00e9tek meg \u0151ket az Atya \u00e9s a Fi\u00fa \u00e9s a Szentl\u00e9lek nev\u00e9ben,&nbsp;\u00e9s tan\u00edts\u00e1tok meg \u0151ket arra, hogy megtarts\u00e1k mindazt, amit parancsoltam nektek!\u201d (28,19-20). Ezek a szavak ma is sz\u00f3lnak hozz\u00e1nk. Seg\u00edtenek jobban meg\u00e9rteni, hogy hivat\u00e1sunk a gy\u00f6kereink meg\u0151rz\u00e9se, a hit \u00e1tad\u00e1sa a fiataloknak \u00e9s a kicsinyekr\u0151l val\u00f3 gondoskod\u00e1s. Gondolkodjunk el a k\u00e9rd\u00e9sr\u0151l: mi a hivat\u00e1sunk ma, a mi korunkban? Meg\u0151rizni a gy\u00f6kereinket, \u00e1tadni a hitet a fiataloknak \u00e9s gondoskodni a kicsikr\u0151l. Soha ne felejts\u00fck el ezt!<\/p>\n\n\n\n<p>Teljesen mindegy, h\u00e1ny \u00e9ves vagy, dolgozol-e m\u00e9g vagy sem, egyed\u00fcl vagy-e vagy csal\u00e1dod van, fiatalon vagy k\u00e9s\u0151bb lett\u00e9l-e nagymama vagy nagypapa, \u00f6n\u00e1ll\u00f3an \u00e9lsz vagy seg\u00edts\u00e9gre van sz\u00fcks\u00e9ged. Mert nincs nyugd\u00edjkorhat\u00e1r az evang\u00e9lium hirdet\u00e9se \u00e9s a hagyom\u00e1nyok unok\u00e1idnak val\u00f3 \u00e1tad\u00e1s\u00e1nak munk\u00e1ja eset\u00e9ben. Csak el kell indulni, \u00e9s v\u00e1llalni kell valami \u00fajat.<\/p>\n\n\n\n<p>A t\u00f6rt\u00e9nelemnek ebben a d\u00f6nt\u0151 pillanat\u00e1ban meg\u00fajult hivat\u00e1sod van. Tal\u00e1n csod\u00e1lkozol: Hogyan lehets\u00e9ges ez? Az er\u0151m fogyt\u00e1n van, \u00e9s nem hiszem, hogy sokat tudok tenni. Hogyan kezdhetn\u00e9k m\u00e1sk\u00e9pp cselekedni, amikor a megszok\u00e1s ennyire az \u00e9letem r\u00e9sze? Hogyan szentelhetem magam a szeg\u00e9nyeknek, amikor m\u00e1r \u00edgy is annyira agg\u00f3dom a csal\u00e1dom\u00e9rt? Hogyan sz\u00e9les\u00edthetem ki a l\u00e1t\u00f3k\u00f6r\u00f6met, amikor m\u00e9g azt a helyet sem tudom elhagyni, ahol \u00e9lek? Nem el\u00e9g s\u00falyos teher m\u00e1r a mag\u00e1nyom? H\u00e1nyan teszik fel k\u00f6z\u00fcletek \u00e9ppen ezt a k\u00e9rd\u00e9st: nem el\u00e9g s\u00falyos teher-e m\u00e1r a mag\u00e1nyom? Maga J\u00e9zus is hasonl\u00f3 k\u00e9rd\u00e9st hallott Nikod\u00e9must\u00f3l, aki azt k\u00e9rdezte: \u201eHogyan sz\u00fclethet meg az ember, ha m\u00e1r v\u00e9n?\u201d (Jn 3,4). Megt\u00f6rt\u00e9nhet \u2013 v\u00e1laszolja az \u00dar \u2013, ha megnyitjuk sz\u00edv\u00fcnket a Szentl\u00e9lek munk\u00e1ja el\u0151tt, aki ott f\u00faj, ahol akar. A Szentl\u00e9lek szabads\u00e1ga olyan, hogy oda megy, ahov\u00e1 akar, \u00e9s azt teszi, amit akar.<\/p>\n\n\n\n<p>Ahogy m\u00e1r sokszor megjegyeztem, a jelenlegi v\u00e1ls\u00e1gb\u00f3l nem \u00fagy ker\u00fcl\u00fcnk ki, mint el\u0151tte, hanem vagy jobban, vagy rosszabbul. \u00c9s \u201eha Isten is \u00fagy akarja&#8230; ez tal\u00e1n nem csak egy \u00fajabb t\u00f6rt\u00e9nelmi trag\u00e9dia lesz, amib\u0151l semmit sem tanultunk&#8230; Ha csak nem felejtj\u00fck el azokat az id\u0151s embereket, akik l\u00e9legeztet\u0151g\u00e9pek hi\u00e1ny\u00e1ban haltak meg&#8230; B\u00e1rcsak ez a m\u00e9rhetetlen gy\u00e1sz ne bizonyulna haszontalannak, hanem lehet\u0151v\u00e9 tenn\u00e9 sz\u00e1munkra, hogy egy l\u00e9p\u00e9st tegy\u00fcnk el\u0151re, egy \u00faj \u00e9letst\u00edlus fel\u00e9. B\u00e1rcsak egyszer s mindenkorra felfedezn\u00e9nk, hogy sz\u00fcks\u00e9g\u00fcnk van egym\u00e1sra, \u00e9s hogy emberi gyarl\u00f3s\u00e1gunk \u00edgy \u00fajj\u00e1sz\u00fclethet\u201d (<em>Fratelli Tutti<\/em>, 35). Senki sem \u00fcdv\u00f6z\u00fcl egyed\u00fcl. Mindannyian k\u00f6telezetts\u00e9gekkel rendelkez\u00fcnk egym\u00e1s fel\u00e9. Mindannyian testv\u00e9rek vagyunk.<\/p>\n\n\n\n<p>Az el\u0151bbiek ismeret\u00e9ben szeretn\u00e9m elmondani, hogy sz\u00fcks\u00e9g van r\u00e1tok, hogy testv\u00e9ris\u00e9gben \u00e9s t\u00e1rsadalmi bar\u00e1ts\u00e1gban seg\u00edtsetek fel\u00e9p\u00edteni a holnap vil\u00e1g\u00e1t: azt a vil\u00e1got, amelyben mi, gyermekeinkkel \u00e9s unok\u00e1inkkal egy\u00fctt \u00e9lni fogunk, ha a vihar el\u00fclt. Mindannyiunknak \u201eakt\u00edvan r\u00e9szt kell venn\u00fcnk bajba jutott t\u00e1rsadalmaink meg\u00faj\u00edt\u00e1s\u00e1ban \u00e9s t\u00e1mogat\u00e1s\u00e1ban\u201d (<em>Fratelli tutti<\/em>, 77). Az \u00faj \u00e9p\u00edtm\u00e9nyt al\u00e1t\u00e1maszt\u00f3 pill\u00e9rek k\u00f6z\u00f6tt van h\u00e1rom, amelyek fel\u00e1ll\u00edt\u00e1s\u00e1ban mindenkin\u00e9l jobban seg\u00edthettek.&nbsp; Ez a h\u00e1rom pill\u00e9r <em>az \u00e1lmok, az eml\u00e9kezet \u00e9s az ima<\/em>. Az \u00dar k\u00f6zels\u00e9ge mindenkinek, m\u00e9g a leggyeng\u00e9bbeknek is megadja a sz\u00fcks\u00e9ges er\u0151t, hogy \u00faj \u00fatra induljanak az \u00e1lmok, az eml\u00e9kezet \u00e9s az ima \u00fatj\u00e1n.<\/p>\n\n\n\n<p>Joel pr\u00f3f\u00e9ta egyszer megj\u00f6vend\u00f6lte: \u201e\u00e1lmokat \u00e1lmodnak v\u00e9neitek, \u00e9s l\u00e1tom\u00e1sokat l\u00e1tnak ifjaitok\u201d (3,1). A vil\u00e1g j\u00f6v\u0151je ett\u0151l a fiatalok \u00e9s id\u0151sek k\u00f6z\u00f6tti sz\u00f6vets\u00e9gt\u0151l f\u00fcgg. Ki, ha nem a fiatalok k\u00e9pesek az id\u0151sek \u00e1lmait megfogadni \u00e9s val\u00f3ra v\u00e1ltani? Ahhoz azonban, hogy ez megt\u00f6rt\u00e9njen, sz\u00fcks\u00e9ges, hogy tov\u00e1bbra is \u00e1lmodjunk. Az igazs\u00e1goss\u00e1gr\u00f3l, a b\u00e9k\u00e9r\u0151l, a szolidarit\u00e1sr\u00f3l sz\u00f3l\u00f3 \u00e1lmaink lehet\u0151v\u00e9 tehetik, hogy fiataljainknak \u00faj elk\u00e9pzel\u00e9seik legyenek; \u00edgy egy\u00fctt \u00e9p\u00edthetj\u00fck a j\u00f6v\u0151t. Meg kell mutatni, hogy a neh\u00e9zs\u00e9gek tapasztalataib\u00f3l meg\u00fajulva is ki lehet l\u00e9pni. Biztos vagyok benne, hogy t\u00f6bb ilyen \u00e9lm\u00e9nyetek is volt m\u00e1r: \u00e9letetek sor\u00e1n sz\u00e1mtalan neh\u00e9zs\u00e9ggel szembes\u00fcltetek, \u00e9s m\u00e9gis k\u00e9pesek voltatok tov\u00e1bbl\u00e9pni. Haszn\u00e1lj\u00e1tok fel ezeket a tapasztalatokat, hogy megtanulj\u00e1tok, hogyan kell a mostani helyzetet is \u00e1tv\u00e9szelni.<\/p>\n\n\n\n<p>Az \u00e1lmok \u00f6sszefon\u00f3dnak az eml\u00e9kez\u00e9ssel. A h\u00e1bor\u00fa f\u00e1jdalmas eml\u00e9k\u00e9re gondolok \u00e9s annak fontoss\u00e1g\u00e1ra, hogy a fiatalok megtanulj\u00e1k a b\u00e9ke \u00e9rt\u00e9k\u00e9t. Azoknak, akik megtapasztalt\u00e1k a h\u00e1bor\u00fa szenved\u00e9seit, tov\u00e1bb kell adniuk ezt az \u00fczenetet.&nbsp; Az eml\u00e9kezet \u00e9letben tart\u00e1sa minden id\u0151s ember igazi k\u00fcldet\u00e9se: az eml\u00e9kezet \u00e9letben tart\u00e1sa \u00e9s megoszt\u00e1sa m\u00e1sokkal. Edith Bruck, aki t\u00fal\u00e9lte a Shoah borzalmait, azt mondta, hogy \u201em\u00e9g egyetlen lelkiismeret megvil\u00e1g\u00edt\u00e1sa is meg\u00e9ri azt a f\u00e1rads\u00e1got \u00e9s f\u00e1jdalmat, hogy \u00e9letben tartsuk annak eml\u00e9k\u00e9t, ami volt\u201d. A tov\u00e1bbiakban \u00edgy folytatta: \u201eSz\u00e1momra az eml\u00e9kez\u00e9s az \u00e9let.\u201d<a href=\"#_ftn3\">[3]<\/a> A saj\u00e1t nagysz\u00fcleimre is gondolok, \u00e9s azokra k\u00f6z\u00fcletek, akiknek ki kellett v\u00e1ndorolniuk, \u00e9s tudj\u00e1k, milyen neh\u00e9z mindent h\u00e1trahagyni, ahogyan oly sokan teszik ezt ma is, a j\u00f6v\u0151 rem\u00e9ny\u00e9ben. N\u00e9h\u00e1nyan k\u00f6z\u00fcl\u00fck tal\u00e1n most is mellett\u00fcnk vannak, \u00e9s gondoskodnak r\u00f3lunk. Az ilyen jelleg\u0171 eml\u00e9kek seg\u00edthetnek egy embers\u00e9gesebb \u00e9s befogad\u00f3bb vil\u00e1got \u00e9p\u00edteni. Eml\u00e9kezet n\u00e9lk\u00fcl azonban soha nem lesz\u00fcnk k\u00e9pesek \u00e9p\u00edtkezni; alap n\u00e9lk\u00fcl nem tudunk h\u00e1zat \u00e9p\u00edteni. Soha. Az \u00e9let alapja pedig az eml\u00e9kez\u00e9s.<\/p>\n\n\n\n<p>&nbsp;&nbsp;&nbsp;&nbsp;&nbsp;&nbsp;&nbsp;&nbsp;&nbsp;&nbsp;&nbsp; V\u00e9g\u00fcl az im\u00e1ds\u00e1g. Ahogy el\u0151d\u00f6m, Benedek p\u00e1pa, aki maga is szent\u00e9let\u0171 id\u0151s ember, aki tov\u00e1bbra is im\u00e1dkozik \u00e9s dolgozik az Egyh\u00e1z\u00e9rt, egyszer azt mondta: \u201eaz id\u0151sek im\u00e1ja megv\u00e9dheti a vil\u00e1got, tal\u00e1n hat\u00e9konyabban seg\u00edtve azt, mint sok m\u00e1s ember frenetikus tev\u00e9kenys\u00e9ge\u201d.<a href=\"#_ftn4\">[4]<\/a> Ezeket a szavakat 2012-ben mondta, p\u00e1pas\u00e1g\u00e1nak v\u00e9ge fel\u00e9. Gy\u00f6ny\u00f6r\u0171 dolog rejt\u0151zik ebben. Az im\u00e1ds\u00e1gotok nagyon \u00e9rt\u00e9kes er\u0151forr\u00e1s: egy olyan t\u00fcd\u0151, amelyre az Egyh\u00e1znak \u00e9s a vil\u00e1gnak s\u00fcrget\u0151en sz\u00fcks\u00e9ge van (v\u00f6. <em>Evangelii Gaudium<\/em>, 262). K\u00fcl\u00f6n\u00f6sen ezekben az emberi csal\u00e1dunk sz\u00e1m\u00e1ra neh\u00e9z id\u0151kben \u2013 amikor tov\u00e1bbra is egy cs\u00f3nakban evez\u00fcnk a vil\u00e1gj\u00e1rv\u00e1ny viharos tenger\u00e9n \u2013 k\u00f6zbenj\u00e1r\u00e1sotok a vil\u00e1g\u00e9rt \u00e9s az Egyh\u00e1z\u00e9rt nagy \u00e9rt\u00e9ket k\u00e9pvisel. Mindenkiben azt a der\u0171s bizalmat \u00e9breszti, hogy hamarosan partot \u00e9r\u00fcnk.<\/p>\n\n\n\n<p>Kedves Nagymama, kedves Nagypapa, kedves Id\u0151s Bar\u00e1taim, ennek a hozz\u00e1tok sz\u00f3l\u00f3 \u00fczenetnek lez\u00e1r\u00e1sak\u00e9nt szeretn\u00e9m megeml\u00edteni Boldog (\u00e9s hamarosan Szent) Charles de Foucauld p\u00e9ld\u00e1j\u00e1t is. Remetek\u00e9nt \u00e9lt Alg\u00e9ri\u00e1ban, \u00e9s ott tett bizonys\u00e1got \u201earr\u00f3l a v\u00e1gy\u00e1r\u00f3l, hogy mindenki testv\u00e9r\u00e9nek \u00e9rezze mag\u00e1t\u201d (<em>Fratelli Tutti<\/em>, 287). \u00c9let\u00e9nek t\u00f6rt\u00e9nete megmutatja, hogyan lehets\u00e9ges m\u00e9g a saj\u00e1t sivatagunk mag\u00e1ny\u00e1ban is k\u00f6zbenj\u00e1rni az eg\u00e9sz vil\u00e1g szeg\u00e9nyei\u00e9rt, \u00e9s val\u00f3j\u00e1ban mindenki sz\u00e1m\u00e1ra testv\u00e9rr\u00e9 v\u00e1lni.<\/p>\n\n\n\n<p>&nbsp;&nbsp;&nbsp;&nbsp;&nbsp;&nbsp;&nbsp;&nbsp;&nbsp;&nbsp;&nbsp; K\u00e9rem az Urat, hogy az \u0151 p\u00e9ld\u00e1j\u00e1n kereszt\u00fcl is mindannyian nyissuk meg sz\u00edv\u00fcnket a szeg\u00e9nyek szenved\u00e9seire val\u00f3 \u00e9rz\u00e9kenys\u00e9gben, \u00e9s j\u00e1rjunk k\u00f6zben sz\u00fcks\u00e9gleteik\u00e9rt. Mindannyian tanuljuk meg ism\u00e9telni mindenkinek, \u00e9s k\u00fcl\u00f6n\u00f6sen a fiataloknak a vigasztal\u00e1s szavait, amelyek ma hangzottak el: \u201e\u00c9n veletek vagyok minden nap!\u201d Haladjatok el\u0151re! Az \u00dar adja meg nektek \u00e1ld\u00e1s\u00e1t.<\/p>\n\n\n\n<p>R\u00f3ma, Later\u00e1ni Szent J\u00e1nos bazilika, 2021. m\u00e1jus 31., a Boldogs\u00e1gos Sz\u0171z M\u00e1ria l\u00e1togat\u00e1s\u00e1nak \u00fcnnep\u00e9n.<\/p>\n\n\n\n<p>&nbsp; Ferenc<\/p>\n\n\n\n<hr class=\"wp-block-separator\"\/>\n\n\n\n<p><a href=\"#_ftnref1\">[1]<\/a> Ez a jelenet Szent Jakab protoevang\u00e9lium\u00e1ban olvashat\u00f3.<\/p>\n\n\n\n<p><a href=\"#_ftnref2\">[2]<\/a> Ez a k\u00e9p lett kiv\u00e1lasztva, mint a Nagysz\u00fcl\u0151k \u00e9s Id\u0151sek Vil\u00e1gnapj\u00e1nak log\u00f3ja.<\/p>\n\n\n\n<p><a href=\"#_ftnref3\">[3]<\/a> Az eml\u00e9kez\u00e9s \u00e9let, az \u00edr\u00e1s l\u00e9legzetv\u00e9tel. <em>L\u2019Osservatore Romano<\/em>, 2021. janu\u00e1r 26.<\/p>\n\n\n\n<p><a href=\"#_ftnref4\">[4]<\/a> L\u00e1togat\u00e1s a Sant\u2019Egidio K\u00f6z\u00f6ss\u00e9g \u201eViva gli anziani\u201d Id\u0151sek Otthon\u00e1ban, 2012. november 2.<\/p>\n\n\n\n<p><\/p>\n\n\n\n<p>forr\u00e1s: <a href=\"https:\/\/katolikus.hu\/cikk\/mindennap-veled-vagyok---ferenc-papa-uzenete-a-nagyszulok-es-idosek-elso-vilagnapjara\" target=\"_blank\" rel=\"noreferrer noopener\">Magyar Katolikus Egyh\u00e1z<\/a><\/p>\n","protected":false},"excerpt":{"rendered":"<p>Kedves Nagypap\u00e1k \u00e9s Nagymam\u00e1k! Kedves Id\u0151s Bar\u00e1taim! \u201e\u00c9n veletek vagyok minden nap\u201d (Mt 28,20): ezt az \u00edg\u00e9retet tette az \u00dar a tan\u00edtv\u00e1nyainak, miel\u0151tt f\u00f6lment a mennybe. Ezeket a szavakat ism\u00e9tli ma nektek, kedves Nagyap\u00e1k \u00e9s Nagymam\u00e1k, kedves Id\u0151s Bar\u00e1taim.\u00a0 \u201e\u00c9n &hellip; <a href=\"https:\/\/balatonkeresztur.plebania.hu\/index.php\/2021\/07\/24\/mindennap-veled-vagyok-ferenc-papa-uzenete-a-nagyszulok-es-idosek-elso-vilagnapjara\/\">Egy kattint\u00e1s ide a folytat\u00e1shoz&#8230;. <span class=\"meta-nav\">&rarr;<\/span><\/a><\/p>\n","protected":false},"author":1,"featured_media":0,"comment_status":"closed","ping_status":"closed","sticky":false,"template":"","format":"standard","meta":{"footnotes":""},"categories":[1],"tags":[],"class_list":["post-633","post","type-post","status-publish","format-standard","hentry","category-egyeb"],"_links":{"self":[{"href":"https:\/\/balatonkeresztur.plebania.hu\/index.php\/wp-json\/wp\/v2\/posts\/633","targetHints":{"allow":["GET"]}}],"collection":[{"href":"https:\/\/balatonkeresztur.plebania.hu\/index.php\/wp-json\/wp\/v2\/posts"}],"about":[{"href":"https:\/\/balatonkeresztur.plebania.hu\/index.php\/wp-json\/wp\/v2\/types\/post"}],"author":[{"embeddable":true,"href":"https:\/\/balatonkeresztur.plebania.hu\/index.php\/wp-json\/wp\/v2\/users\/1"}],"replies":[{"embeddable":true,"href":"https:\/\/balatonkeresztur.plebania.hu\/index.php\/wp-json\/wp\/v2\/comments?post=633"}],"version-history":[{"count":1,"href":"https:\/\/balatonkeresztur.plebania.hu\/index.php\/wp-json\/wp\/v2\/posts\/633\/revisions"}],"predecessor-version":[{"id":634,"href":"https:\/\/balatonkeresztur.plebania.hu\/index.php\/wp-json\/wp\/v2\/posts\/633\/revisions\/634"}],"wp:attachment":[{"href":"https:\/\/balatonkeresztur.plebania.hu\/index.php\/wp-json\/wp\/v2\/media?parent=633"}],"wp:term":[{"taxonomy":"category","embeddable":true,"href":"https:\/\/balatonkeresztur.plebania.hu\/index.php\/wp-json\/wp\/v2\/categories?post=633"},{"taxonomy":"post_tag","embeddable":true,"href":"https:\/\/balatonkeresztur.plebania.hu\/index.php\/wp-json\/wp\/v2\/tags?post=633"}],"curies":[{"name":"wp","href":"https:\/\/api.w.org\/{rel}","templated":true}]}}