{"id":623,"date":"2021-06-27T07:39:42","date_gmt":"2021-06-27T07:39:42","guid":{"rendered":"http:\/\/balatonkeresztur.plebania.hu\/?p=623"},"modified":"2021-06-27T07:39:42","modified_gmt":"2021-06-27T07:39:42","slug":"az-mkpk-kozlemenye-a-jarvanyugyi-rendelkezesek-tovabbi-enyhiteserol","status":"publish","type":"post","link":"https:\/\/balatonkeresztur.plebania.hu\/index.php\/2021\/06\/27\/az-mkpk-kozlemenye-a-jarvanyugyi-rendelkezesek-tovabbi-enyhiteserol\/","title":{"rendered":"Az MKPK k\u00f6zlem\u00e9nye a j\u00e1rv\u00e1ny\u00fcgyi rendelkez\u00e9sek tov\u00e1bbi enyh\u00edt\u00e9s\u00e9r\u0151l"},"content":{"rendered":"\n<p>Az al\u00e1bbiakban a Magyar Katolikus P\u00fcsp\u00f6ki Konferencia (MKPK) j\u00fanius 25-\u00e9n kiadott k\u00f6zlem\u00e9ny\u00e9t olvashatj\u00e1k.<\/p>\n\n\n\n<!--more-->\n\n\n\n<p>\u00d6r\u00f6mmel \u00e9rtes\u00fclt\u00fcnk a j\u00e1rv\u00e1ny\u00fcgyi helyzet javul\u00e1s\u00e1r\u00f3l, ez\u00e9rt \u2013 figyelembe v\u00e9ve a szakemberek v\u00e9lem\u00e9ny\u00e9t, valamint tekintettel a beoltottak magas sz\u00e1m\u00e1ra \u00e9s a Covid-19-j\u00e1rv\u00e1ny miatt \u00e9letben l\u00e9v\u0151 korl\u00e1toz\u00e1sok tov\u00e1bbi enyh\u00edt\u00e9s\u00e9re \u2013 Egyh\u00e1zunk saj\u00e1toss\u00e1gait szem el\u0151tt tartva, kor\u00e1bbi int\u00e9zked\u00e9seinket m\u00f3dos\u00edtva, <strong>2021. j\u00falius 4-t\u0151l kezd\u0151d\u0151en az al\u00e1bbi m\u00f3don rendelkez\u00fcnk:<\/strong><\/p>\n\n\n\n<p>1. Mostant\u00f3l nem k\u00f6telez\u0151 z\u00e1rt t\u00e9rben sem a maszk visel\u00e9se, figyelemmel kell lenni azonban az esetlegesen m\u00e9g \u00e9letben l\u00e9v\u0151 j\u00e1rv\u00e1ny\u00fcgyi korl\u00e1toz\u00e1sokra.<\/p>\n\n\n\n<p>2. Nem k\u00f6telez\u0151 \u00e9rv\u00e9ny\u0171ek azok a liturgikus korl\u00e1toz\u00e1sok sem, amelyek kiz\u00e1r\u00f3lag a j\u00e1rv\u00e1ny miatt l\u00e9ptek \u00e9letbe, hacsak a ter\u00fcletileg illet\u00e9kes megy\u00e9sp\u00fcsp\u00f6k m\u00e1sk\u00e9nt nem rendelkezik.<\/p>\n\n\n\n<p>3. Tov\u00e1bbra is felel\u0151sen \u00e9s k\u00f6r\u00fcltekint\u0151en kell elj\u00e1rni, figyelembe v\u00e9ve az aktu\u00e1lis j\u00e1rv\u00e1ny\u00fcgyi el\u0151\u00edr\u00e1sokat, k\u00fcl\u00f6n\u00f6s tekintettel a fert\u0151tlen\u00edt\u0151szerek haszn\u00e1lat\u00e1ra.&nbsp;\u00c1ldoztat\u00e1skor a k\u00e9zfert\u0151tlen\u00edt\u00e9st tov\u00e1bbra is aj\u00e1nljuk.<\/p>\n\n\n\n<p>Az Egyh\u00e1zi T\u00f6rv\u00e9nyk\u00f6nyv 838. k\u00e1nonja \u00e9rtelm\u00e9ben az egyes megy\u00e9sp\u00fcsp\u00f6k\u00f6k, illetve akik a jogban vel\u00fck egyenl\u0151 elb\u00edr\u00e1l\u00e1s al\u00e1 esnek, ett\u0151l elt\u00e9r\u0151 rendelkez\u00e9seket is hozhatnak.<\/p>\n\n\n\n<p>Jelen rendelkez\u00e9s Magyarorsz\u00e1g latin szertart\u00e1s\u00fa egyh\u00e1zmegy\u00e9ire \u00e9rv\u00e9nyes.<\/p>\n\n\n\n<p>Szeretn\u00e9nk \u00fajfent k\u00f6sz\u00f6netet mondani mindenkinek a helyt\u00e1ll\u00e1s\u00e9rt ebben a rendk\u00edv\u00fcli helyzetben. Im\u00e1ds\u00e1gos lelk\u00fclettel figyelj\u00fcnk tov\u00e1bbra is egym\u00e1sra.<\/p>\n\n\n\n<p>Budapest, 2021. j\u00fanius 25.<\/p>\n\n\n\n<p><em>A Magyar Katolikus P\u00fcsp\u00f6ki Konferencia<\/em><\/p>\n\n\n\n<p><strong>Forr\u00e1s: <a href=\"https:\/\/www.magyarkurir.hu\/hirek\/az-mkpk-kozlemenye-jarvanyugyi-rendelkezesek-tovabbi-enyhiteserol\" target=\"_blank\" rel=\"noreferrer noopener\">MKPK Sajt\u00f3szolg\u00e1lat<\/a><\/strong><\/p>\n","protected":false},"excerpt":{"rendered":"<p>Az al\u00e1bbiakban a Magyar Katolikus P\u00fcsp\u00f6ki Konferencia (MKPK) j\u00fanius 25-\u00e9n kiadott k\u00f6zlem\u00e9ny\u00e9t olvashatj\u00e1k.<\/p>\n","protected":false},"author":1,"featured_media":0,"comment_status":"closed","ping_status":"open","sticky":false,"template":"","format":"standard","meta":{"footnotes":""},"categories":[1],"tags":[],"class_list":["post-623","post","type-post","status-publish","format-standard","hentry","category-egyeb"],"_links":{"self":[{"href":"https:\/\/balatonkeresztur.plebania.hu\/index.php\/wp-json\/wp\/v2\/posts\/623","targetHints":{"allow":["GET"]}}],"collection":[{"href":"https:\/\/balatonkeresztur.plebania.hu\/index.php\/wp-json\/wp\/v2\/posts"}],"about":[{"href":"https:\/\/balatonkeresztur.plebania.hu\/index.php\/wp-json\/wp\/v2\/types\/post"}],"author":[{"embeddable":true,"href":"https:\/\/balatonkeresztur.plebania.hu\/index.php\/wp-json\/wp\/v2\/users\/1"}],"replies":[{"embeddable":true,"href":"https:\/\/balatonkeresztur.plebania.hu\/index.php\/wp-json\/wp\/v2\/comments?post=623"}],"version-history":[{"count":1,"href":"https:\/\/balatonkeresztur.plebania.hu\/index.php\/wp-json\/wp\/v2\/posts\/623\/revisions"}],"predecessor-version":[{"id":624,"href":"https:\/\/balatonkeresztur.plebania.hu\/index.php\/wp-json\/wp\/v2\/posts\/623\/revisions\/624"}],"wp:attachment":[{"href":"https:\/\/balatonkeresztur.plebania.hu\/index.php\/wp-json\/wp\/v2\/media?parent=623"}],"wp:term":[{"taxonomy":"category","embeddable":true,"href":"https:\/\/balatonkeresztur.plebania.hu\/index.php\/wp-json\/wp\/v2\/categories?post=623"},{"taxonomy":"post_tag","embeddable":true,"href":"https:\/\/balatonkeresztur.plebania.hu\/index.php\/wp-json\/wp\/v2\/tags?post=623"}],"curies":[{"name":"wp","href":"https:\/\/api.w.org\/{rel}","templated":true}]}}