{"id":618,"date":"2021-06-15T07:26:56","date_gmt":"2021-06-15T07:26:56","guid":{"rendered":"http:\/\/balatonkeresztur.plebania.hu\/?p=618"},"modified":"2021-09-25T15:30:08","modified_gmt":"2021-09-25T15:30:08","slug":"valtozas-2","status":"publish","type":"post","link":"https:\/\/balatonkeresztur.plebania.hu\/index.php\/2021\/06\/15\/valtozas-2\/","title":{"rendered":"V\u00e1ltoz\u00e1s"},"content":{"rendered":"\n<p>Varga L\u00e1szl\u00f3 p\u00fcsp\u00f6k \u00far rendelkez\u00e9se \u00e9rtelm\u00e9ben a mai napt\u00f3l (j\u00fan. 15.) a Balatonfenyvesi Pl\u00e9b\u00e1nia ism\u00e9t \u00f6n\u00e1ll\u00f3 lesz. Az \u00faj pl\u00e9b\u00e1nos B\u00e1lint G\u00e1bor atya, aki az elm\u00falt 2 ny\u00e1ron kiseg\u00edtette a pl\u00e9b\u00e1ni\u00e1t. <\/p>\n\n\n\n<!--more-->\n\n\n\n<p>El\u00e9rhet\u0151s\u00e9ge: <\/p>\n\n\n\n<p>30\/633-0668<\/p>\n\n\n\n<p>balintgabor8021@gmail.com<\/p>\n","protected":false},"excerpt":{"rendered":"<p>Varga L\u00e1szl\u00f3 p\u00fcsp\u00f6k \u00far rendelkez\u00e9se \u00e9rtelm\u00e9ben a mai napt\u00f3l (j\u00fan. 15.) a Balatonfenyvesi Pl\u00e9b\u00e1nia ism\u00e9t \u00f6n\u00e1ll\u00f3 lesz. Az \u00faj pl\u00e9b\u00e1nos B\u00e1lint G\u00e1bor atya, aki az elm\u00falt 2 ny\u00e1ron kiseg\u00edtette a pl\u00e9b\u00e1ni\u00e1t.<\/p>\n","protected":false},"author":1,"featured_media":0,"comment_status":"closed","ping_status":"closed","sticky":false,"template":"","format":"standard","meta":{"footnotes":""},"categories":[1],"tags":[],"class_list":["post-618","post","type-post","status-publish","format-standard","hentry","category-egyeb"],"_links":{"self":[{"href":"https:\/\/balatonkeresztur.plebania.hu\/index.php\/wp-json\/wp\/v2\/posts\/618","targetHints":{"allow":["GET"]}}],"collection":[{"href":"https:\/\/balatonkeresztur.plebania.hu\/index.php\/wp-json\/wp\/v2\/posts"}],"about":[{"href":"https:\/\/balatonkeresztur.plebania.hu\/index.php\/wp-json\/wp\/v2\/types\/post"}],"author":[{"embeddable":true,"href":"https:\/\/balatonkeresztur.plebania.hu\/index.php\/wp-json\/wp\/v2\/users\/1"}],"replies":[{"embeddable":true,"href":"https:\/\/balatonkeresztur.plebania.hu\/index.php\/wp-json\/wp\/v2\/comments?post=618"}],"version-history":[{"count":3,"href":"https:\/\/balatonkeresztur.plebania.hu\/index.php\/wp-json\/wp\/v2\/posts\/618\/revisions"}],"predecessor-version":[{"id":621,"href":"https:\/\/balatonkeresztur.plebania.hu\/index.php\/wp-json\/wp\/v2\/posts\/618\/revisions\/621"}],"wp:attachment":[{"href":"https:\/\/balatonkeresztur.plebania.hu\/index.php\/wp-json\/wp\/v2\/media?parent=618"}],"wp:term":[{"taxonomy":"category","embeddable":true,"href":"https:\/\/balatonkeresztur.plebania.hu\/index.php\/wp-json\/wp\/v2\/categories?post=618"},{"taxonomy":"post_tag","embeddable":true,"href":"https:\/\/balatonkeresztur.plebania.hu\/index.php\/wp-json\/wp\/v2\/tags?post=618"}],"curies":[{"name":"wp","href":"https:\/\/api.w.org\/{rel}","templated":true}]}}