{"id":612,"date":"2021-05-23T04:47:32","date_gmt":"2021-05-23T04:47:32","guid":{"rendered":"http:\/\/balatonkeresztur.plebania.hu\/?p=612"},"modified":"2021-09-25T15:30:15","modified_gmt":"2021-09-25T15:30:15","slug":"miserend-valtozasa","status":"publish","type":"post","link":"https:\/\/balatonkeresztur.plebania.hu\/index.php\/2021\/05\/23\/miserend-valtozasa\/","title":{"rendered":"Miserend v\u00e1ltoz\u00e1sa"},"content":{"rendered":"\n<p>J\u00fan. 1-je ut\u00e1n \u00fajra lesznek h\u00e9tk\u00f6znap szentmis\u00e9k, az esti szentmis\u00e9k pedig 18 \u00f3rakor kezd\u0151dnek.<\/p>\n\n\n\n<!--more-->\n\n\n\n<p><strong>A vas\u00e1rnapi szentmis\u00e9k a k\u00f6vetkez\u0151 id\u0151pontban kezd\u0151dnek:<\/strong><\/p>\n\n\n\n<p><strong>Balatonfenyvesen<\/strong> a Szent Erzs\u00e9bet templomban <strong>8<\/strong> \u00f3rakor,<\/p>\n\n\n\n<p><strong>Balatonfenyves-als\u00f3n<\/strong> a Sz\u0171z M\u00e1ria Szent Sz\u00edve templomban<strong>&nbsp;9<sup>15<\/sup><\/strong> \u00f3rakor,<\/p>\n\n\n\n<p><strong>Balatonkereszt\u00faron<\/strong> a Szent Kereszt Felmagasztal\u00e1sa templomban <strong>11<\/strong> \u00f3rakor,<\/p>\n\n\n\n<p><strong>Balatonm\u00e1riaf\u00fcrd\u0151n<\/strong> a Nagyboldogasszony k\u00e1poln\u00e1n\u00e1l <strong>18<\/strong> \u00f3rakor<\/p>\n\n\n\n<p>kezd\u0151dnek a szentmis\u00e9k.<\/p>\n\n\n\n<p>A h\u00e9tk\u00f6znapi szentmis\u00e9k rendje \u00edgy alakul:<\/p>\n\n\n\n<p>kedd Balatonkereszt\u00far,<\/p>\n\n\n\n<p>szerda Balatonm\u00e1riaf\u00fcrd\u0151,<\/p>\n\n\n\n<p>cs\u00fct\u00f6rt\u00f6k Balatonfenyves-als\u00f3,<\/p>\n\n\n\n<p>p\u00e9ntek Balatonfenyves.<\/p>\n\n\n\n<p><strong>H\u00e9tk\u00f6znap mindegyik szentmise 18 \u00f3rakor kezd\u0151dik!<\/strong><\/p>\n","protected":false},"excerpt":{"rendered":"<p>J\u00fan. 1-je ut\u00e1n \u00fajra lesznek h\u00e9tk\u00f6znap szentmis\u00e9k, az esti szentmis\u00e9k pedig 18 \u00f3rakor kezd\u0151dnek.<\/p>\n","protected":false},"author":1,"featured_media":0,"comment_status":"closed","ping_status":"closed","sticky":false,"template":"","format":"standard","meta":{"footnotes":""},"categories":[1],"tags":[],"class_list":["post-612","post","type-post","status-publish","format-standard","hentry","category-egyeb"],"_links":{"self":[{"href":"https:\/\/balatonkeresztur.plebania.hu\/index.php\/wp-json\/wp\/v2\/posts\/612","targetHints":{"allow":["GET"]}}],"collection":[{"href":"https:\/\/balatonkeresztur.plebania.hu\/index.php\/wp-json\/wp\/v2\/posts"}],"about":[{"href":"https:\/\/balatonkeresztur.plebania.hu\/index.php\/wp-json\/wp\/v2\/types\/post"}],"author":[{"embeddable":true,"href":"https:\/\/balatonkeresztur.plebania.hu\/index.php\/wp-json\/wp\/v2\/users\/1"}],"replies":[{"embeddable":true,"href":"https:\/\/balatonkeresztur.plebania.hu\/index.php\/wp-json\/wp\/v2\/comments?post=612"}],"version-history":[{"count":2,"href":"https:\/\/balatonkeresztur.plebania.hu\/index.php\/wp-json\/wp\/v2\/posts\/612\/revisions"}],"predecessor-version":[{"id":614,"href":"https:\/\/balatonkeresztur.plebania.hu\/index.php\/wp-json\/wp\/v2\/posts\/612\/revisions\/614"}],"wp:attachment":[{"href":"https:\/\/balatonkeresztur.plebania.hu\/index.php\/wp-json\/wp\/v2\/media?parent=612"}],"wp:term":[{"taxonomy":"category","embeddable":true,"href":"https:\/\/balatonkeresztur.plebania.hu\/index.php\/wp-json\/wp\/v2\/categories?post=612"},{"taxonomy":"post_tag","embeddable":true,"href":"https:\/\/balatonkeresztur.plebania.hu\/index.php\/wp-json\/wp\/v2\/tags?post=612"}],"curies":[{"name":"wp","href":"https:\/\/api.w.org\/{rel}","templated":true}]}}