{"id":604,"date":"2021-05-11T12:24:22","date_gmt":"2021-05-11T12:24:22","guid":{"rendered":"http:\/\/balatonkeresztur.plebania.hu\/?p=604"},"modified":"2021-05-11T12:24:22","modified_gmt":"2021-05-11T12:24:22","slug":"elhunyt-burusan-jozsef-atya","status":"publish","type":"post","link":"https:\/\/balatonkeresztur.plebania.hu\/index.php\/2021\/05\/11\/elhunyt-burusan-jozsef-atya\/","title":{"rendered":"Elhunyt Burus\u00e1n J\u00f3zsef atya"},"content":{"rendered":"\n<p><strong>2021. m\u00e1jus 7-\u00e9n elhunyt Burus\u00e1n J\u00f3zsef atya.<\/strong><\/p>\n\n\n\n<!--more-->\n\n\n\n<p>A szombathelyi p\u00fcsp\u00f6k -a hozz\u00e1tartoz\u00f3k nev\u00e9ben is \u2013 f\u00e1jdalommal, de a felt\u00e1mad\u00e1sba vetett hittel tudatja, hogy <strong>BURUS\u00c1N J\u00d3ZSEF<\/strong> nyugalmazott pl\u00e9b\u00e1nos \u00e9let\u00e9nek 75., \u00e1ldoz\u00f3papi szolg\u00e1lat\u00e1nak 51. \u00e9v\u00e9ben Balatonm\u00e1riaf\u00fcrd\u0151n otthon\u00e1ban 2021. m\u00e1jus 7-\u00e9n szents\u00e9gekkel meger\u0151s\u00edtve elhunyt. Szeretett paptestv\u00e9r\u00fcnk gy\u00e1szmis\u00e9je \u00e9s temet\u00e9si szertart\u00e1sa 2021. m\u00e1jus 14-\u00e9n, p\u00e9nteken 10.30 \u00f3rakor kezd\u0151dik a rigy\u00e1ci Szent Anna templomban. V\u00e9gakarat\u00e1nak megfelel\u0151en holttest\u00e9t a helyi temet\u0151ben helyezz\u00fck \u00f6r\u00f6k nyugalomra k\u00f6zvetlen\u00fcl a gy\u00e1szmise ut\u00e1n.&nbsp;<\/p>\n\n\n\n<figure class=\"wp-block-image\"><img decoding=\"async\" src=\"https:\/\/www.martinus.hu\/misc\/news\/10784\/burusan-jozsef.jpg\" alt=\"burusan-jozsef\" title=\"burusan-jozsef\"\/><\/figure>\n\n\n\n<p>\u201eDics\u0151s\u00e9g a magass\u00e1gban Istennek \u00e9s b\u00e9kess\u00e9g a f\u00f6ld\u00f6n a j\u00f3akarat\u00fa embereknek.&#8221;\u00a0(Lk 2) 14)<\/p>\n\n\n\n<p>forr\u00e1s: <a href=\"https:\/\/www.martinus.hu\/hirek\/10784\/elhunyt-burusan-jozsef-atya\" target=\"_blank\" rel=\"noreferrer noopener\">Szombathelyi Egyh\u00e1zmegye<\/a>\u00a0<\/p>\n","protected":false},"excerpt":{"rendered":"<p>2021. m\u00e1jus 7-\u00e9n elhunyt Burus\u00e1n J\u00f3zsef atya.<\/p>\n","protected":false},"author":1,"featured_media":0,"comment_status":"closed","ping_status":"open","sticky":false,"template":"","format":"standard","meta":{"footnotes":""},"categories":[1],"tags":[],"class_list":["post-604","post","type-post","status-publish","format-standard","hentry","category-egyeb"],"_links":{"self":[{"href":"https:\/\/balatonkeresztur.plebania.hu\/index.php\/wp-json\/wp\/v2\/posts\/604","targetHints":{"allow":["GET"]}}],"collection":[{"href":"https:\/\/balatonkeresztur.plebania.hu\/index.php\/wp-json\/wp\/v2\/posts"}],"about":[{"href":"https:\/\/balatonkeresztur.plebania.hu\/index.php\/wp-json\/wp\/v2\/types\/post"}],"author":[{"embeddable":true,"href":"https:\/\/balatonkeresztur.plebania.hu\/index.php\/wp-json\/wp\/v2\/users\/1"}],"replies":[{"embeddable":true,"href":"https:\/\/balatonkeresztur.plebania.hu\/index.php\/wp-json\/wp\/v2\/comments?post=604"}],"version-history":[{"count":1,"href":"https:\/\/balatonkeresztur.plebania.hu\/index.php\/wp-json\/wp\/v2\/posts\/604\/revisions"}],"predecessor-version":[{"id":605,"href":"https:\/\/balatonkeresztur.plebania.hu\/index.php\/wp-json\/wp\/v2\/posts\/604\/revisions\/605"}],"wp:attachment":[{"href":"https:\/\/balatonkeresztur.plebania.hu\/index.php\/wp-json\/wp\/v2\/media?parent=604"}],"wp:term":[{"taxonomy":"category","embeddable":true,"href":"https:\/\/balatonkeresztur.plebania.hu\/index.php\/wp-json\/wp\/v2\/categories?post=604"},{"taxonomy":"post_tag","embeddable":true,"href":"https:\/\/balatonkeresztur.plebania.hu\/index.php\/wp-json\/wp\/v2\/tags?post=604"}],"curies":[{"name":"wp","href":"https:\/\/api.w.org\/{rel}","templated":true}]}}