{"id":599,"date":"2021-05-08T06:23:04","date_gmt":"2021-05-08T06:23:04","guid":{"rendered":"http:\/\/balatonkeresztur.plebania.hu\/?p=599"},"modified":"2021-09-25T15:30:26","modified_gmt":"2021-09-25T15:30:26","slug":"a-vasarnapi-szentmisen-valo-reszvetel-kotelezettsege-aloli-altalanos-felmentes-visszavonasarol","status":"publish","type":"post","link":"https:\/\/balatonkeresztur.plebania.hu\/index.php\/2021\/05\/08\/a-vasarnapi-szentmisen-valo-reszvetel-kotelezettsege-aloli-altalanos-felmentes-visszavonasarol\/","title":{"rendered":"A vas\u00e1rnapi szentmis\u00e9n val\u00f3 r\u00e9szv\u00e9tel k\u00f6telezetts\u00e9ge al\u00f3li \u00e1ltal\u00e1nos felment\u00e9s visszavon\u00e1s\u00e1r\u00f3l"},"content":{"rendered":"\n<p>A r\u00e1nkb\u00edzottak\u00e9rt \u00e9rzett felel\u0151ss\u00e9gt\u0151l vez\u00e9relve, figyelembe v\u00e9ve a j\u00e1rv\u00e1ny\u00fcgyi szakemberek v\u00e9lem\u00e9ny\u00e9t \u00e9s a COVID-19 j\u00e1rv\u00e1ny harmadik hull\u00e1m\u00e1t k\u00f6vet\u0151 \u00e9s a beoltottak sz\u00e1m\u00e1nak n\u00f6veked\u00e9se miatt \u00e9letbe l\u00e9p\u0151 enyh\u00edt\u00e9seket, Egyh\u00e1zunk saj\u00e1toss\u00e1gait szem el\u0151tt tartva, kor\u00e1bbi int\u00e9zked\u00e9seinket m\u00f3dos\u00edtva, 2021. m\u00e1jus 10-t\u0151l kezd\u0151d\u0151en az al\u00e1bbi m\u00f3don rendelkez\u00fcnk:<\/p>\n\n\n\n<!--more-->\n\n\n\n<ol class=\"wp-block-list\"><li>A vas\u00e1rnapi szentmis\u00e9n val\u00f3 r\u00e9szv\u00e9tel k\u00f6telezetts\u00e9ge al\u00f3l (CIC 87. k. 1. \u00a7, 1245. k.) 521\/2021. sz., m\u00e1rcius 5-\u00e9n adott \u00e1ltal\u00e1nos felment\u00e9st jelen rendelkez\u00e9s\u00fcnkkel visszavonjuk.<\/li><li>Az \u00e1ltal\u00e1nos mor\u00e1lis elvek tov\u00e1bbra is \u00e9rv\u00e9nyesek, \u00edgy aki sz\u00e1m\u00e1ra \u00e9lethelyzete miatt (p\u00e9ld\u00e1ul betegs\u00e9g, karant\u00e9n) lehetetlen a szentmis\u00e9n val\u00f3 szem\u00e9lyes r\u00e9szv\u00e9tel, az a vas\u00e1rnapot tov\u00e1bbra is egy\u00e9ni im\u00e1val, a Szent\u00edr\u00e1s olvas\u00e1s\u00e1val, zsolozsma v\u00e9gz\u00e9s\u00e9vel, szentmise k\u00f6zvet\u00edt\u00e9sbe val\u00f3 bekapcsol\u00f3d\u00e1ssal vagy m\u00e1s m\u00f3don szentelje meg.<\/li><li>Tov\u00e1bbra is felel\u0151sen \u00e9s k\u00f6r\u00fcltekint\u0151en kell elj\u00e1rni, figyelembe v\u00e9ve a j\u00e1rv\u00e1ny\u00fcgyi el\u0151\u00edr\u00e1sokat, k\u00fcl\u00f6n\u00f6s tekintettel a fert\u0151tlen\u00edt\u0151szerek haszn\u00e1lat\u00e1ra, a maszk visel\u00e9s\u00e9re \u00e9s a v\u00e9d\u0151t\u00e1vols\u00e1g megtart\u00e1s\u00e1ra. A nyilv\u00e1nos istentiszteletek v\u00e9gz\u00e9sekor tov\u00e1bbra is be kell tartani a vonatkoz\u00f3, j\u00e1rv\u00e1nyhelyzetre hozott el\u0151\u00edr\u00e1sokat.<\/li><\/ol>\n\n\n\n<p>Az Egyh\u00e1zi T\u00f6rv\u00e9nyk\u00f6nyv 838. k\u00e1nonja \u00e9rtelm\u00e9ben az egyes megy\u00e9sp\u00fcsp\u00f6k\u00f6k, illetve akik a jogban vel\u00fck egyenl\u0151 elb\u00edr\u00e1l\u00e1s al\u00e1 esnek, ett\u0151l elt\u00e9r\u0151 rendelkez\u00e9seket is hozhatnak.<\/p>\n\n\n\n<p>Jelen rendelkez\u00e9s Magyarorsz\u00e1g latin szertart\u00e1s\u00fa egyh\u00e1zmegy\u00e9ire \u00e9rv\u00e9nyes.<\/p>\n\n\n\n<p>Szeretn\u00e9nk k\u00f6sz\u00f6netet mondani a paptestv\u00e9reknek a szolg\u00e1latuk\u00e9rt, a h\u00edveknek a kitart\u00e1suk\u00e9rt \u00e9s im\u00e1ik\u00e9rt, \u00e9s ez\u00faton is k\u00f6sz\u00f6nj\u00fck mindenkinek a helyt\u00e1ll\u00e1s\u00e1t ebben a rendk\u00edv\u00fcli helyzetben az \u00e9let minden ter\u00fclet\u00e9n. Im\u00e1ds\u00e1gos lelk\u00fclettel figyelj\u00fcnk tov\u00e1bbra is egym\u00e1sra.<\/p>\n\n\n\n<p>Budapest, 2021. m\u00e1jus 7.<\/p>\n\n\n\n<p>A Magyar Katolikus P\u00fcsp\u00f6ki Konferencia<\/p>\n\n\n\n<p>forr\u00e1s: <a href=\"https:\/\/katolikus.hu\/cikk\/a-magyar-katolikus-puspoki-konferencia-kozlemenye-7035651\" target=\"_blank\" rel=\"noreferrer noopener\">Magyar Katolikus Egyh\u00e1z<\/a><\/p>\n","protected":false},"excerpt":{"rendered":"<p>A r\u00e1nkb\u00edzottak\u00e9rt \u00e9rzett felel\u0151ss\u00e9gt\u0151l vez\u00e9relve, figyelembe v\u00e9ve a j\u00e1rv\u00e1ny\u00fcgyi szakemberek v\u00e9lem\u00e9ny\u00e9t \u00e9s a COVID-19 j\u00e1rv\u00e1ny harmadik hull\u00e1m\u00e1t k\u00f6vet\u0151 \u00e9s a beoltottak sz\u00e1m\u00e1nak n\u00f6veked\u00e9se miatt \u00e9letbe l\u00e9p\u0151 enyh\u00edt\u00e9seket, Egyh\u00e1zunk saj\u00e1toss\u00e1gait szem el\u0151tt tartva, kor\u00e1bbi int\u00e9zked\u00e9seinket m\u00f3dos\u00edtva, 2021. m\u00e1jus 10-t\u0151l kezd\u0151d\u0151en az &hellip; <a href=\"https:\/\/balatonkeresztur.plebania.hu\/index.php\/2021\/05\/08\/a-vasarnapi-szentmisen-valo-reszvetel-kotelezettsege-aloli-altalanos-felmentes-visszavonasarol\/\">Egy kattint\u00e1s ide a folytat\u00e1shoz&#8230;. <span class=\"meta-nav\">&rarr;<\/span><\/a><\/p>\n","protected":false},"author":1,"featured_media":0,"comment_status":"closed","ping_status":"closed","sticky":false,"template":"","format":"standard","meta":{"footnotes":""},"categories":[1],"tags":[],"class_list":["post-599","post","type-post","status-publish","format-standard","hentry","category-egyeb"],"_links":{"self":[{"href":"https:\/\/balatonkeresztur.plebania.hu\/index.php\/wp-json\/wp\/v2\/posts\/599","targetHints":{"allow":["GET"]}}],"collection":[{"href":"https:\/\/balatonkeresztur.plebania.hu\/index.php\/wp-json\/wp\/v2\/posts"}],"about":[{"href":"https:\/\/balatonkeresztur.plebania.hu\/index.php\/wp-json\/wp\/v2\/types\/post"}],"author":[{"embeddable":true,"href":"https:\/\/balatonkeresztur.plebania.hu\/index.php\/wp-json\/wp\/v2\/users\/1"}],"replies":[{"embeddable":true,"href":"https:\/\/balatonkeresztur.plebania.hu\/index.php\/wp-json\/wp\/v2\/comments?post=599"}],"version-history":[{"count":1,"href":"https:\/\/balatonkeresztur.plebania.hu\/index.php\/wp-json\/wp\/v2\/posts\/599\/revisions"}],"predecessor-version":[{"id":600,"href":"https:\/\/balatonkeresztur.plebania.hu\/index.php\/wp-json\/wp\/v2\/posts\/599\/revisions\/600"}],"wp:attachment":[{"href":"https:\/\/balatonkeresztur.plebania.hu\/index.php\/wp-json\/wp\/v2\/media?parent=599"}],"wp:term":[{"taxonomy":"category","embeddable":true,"href":"https:\/\/balatonkeresztur.plebania.hu\/index.php\/wp-json\/wp\/v2\/categories?post=599"},{"taxonomy":"post_tag","embeddable":true,"href":"https:\/\/balatonkeresztur.plebania.hu\/index.php\/wp-json\/wp\/v2\/tags?post=599"}],"curies":[{"name":"wp","href":"https:\/\/api.w.org\/{rel}","templated":true}]}}