{"id":586,"date":"2021-03-31T05:56:17","date_gmt":"2021-03-31T05:56:17","guid":{"rendered":"http:\/\/balatonkeresztur.plebania.hu\/?p=586"},"modified":"2021-04-04T16:59:22","modified_gmt":"2021-04-04T16:59:22","slug":"szentmisek-husvetkor","status":"publish","type":"post","link":"https:\/\/balatonkeresztur.plebania.hu\/index.php\/2021\/03\/31\/szentmisek-husvetkor\/","title":{"rendered":"Szentmis\u00e9k H\u00fasv\u00e9tkor"},"content":{"rendered":"\n<p>Egyh\u00e1zmegy\u00e9nkben jelenleg m\u00e9g <strong>szabad<\/strong> h\u00edvek jelenl\u00e9t\u00e9ben szentmis\u00e9t tartani ott, ahol a felt\u00e9telek biztos\u00edtva vannak. Ezek a felt\u00e9telek: <strong><u>t\u00e1vols\u00e1gtart\u00e1s, maszk, fert\u0151tlen\u00edt\u00e9s<\/u><\/strong>. <\/p>\n\n\n\n<!--more-->\n\n\n\n<p>Tisztelettel k\u00e9rem, figyelj\u00fcnk arra, hogy a templomban a minimum m\u00e1sf\u00e9l m\u00e9teres t\u00e1vols\u00e1got minden ir\u00e1nyban tartani tudjuk! <strong>Aki \u00f6nmag\u00e1n ak\u00e1r csak gyan\u00fas t\u00fcneteket is \u00e9szlel, vagy kontaktba ker\u00fclt igazolt covid-fert\u0151z\u00f6ttel, \u00f6nmaga \u00e9s m\u00e1sok v\u00e9delm\u00e9nek \u00e9rdek\u00e9ben ne menjen k\u00f6z\u00f6ss\u00e9gbe, ne j\u00f6jj\u00f6n szentmis\u00e9re<\/strong>, vonuljon karant\u00e9nba, vagy legal\u00e1bb konzult\u00e1ljon telefonon a h\u00e1ziorvos\u00e1val a sz\u00fcks\u00e9ges teend\u0151kr\u0151l!<\/p>\n\n\n\n<p><strong>A Szent H\u00e1rom Nap (Nagycs\u00fct\u00f6rt\u00f6k, Nagyp\u00e9ntek, Nagyszombat) nem lesznek nyilv\u00e1nos szertart\u00e1sok!<\/strong><\/p>\n\n\n\n<p>H\u00fasv\u00e9ti \u00e9telek meg\u00e1ld\u00e1sa Balatonkereszt\u00faron a templom el\u0151tti parkol\u00f3ban <strong>7 \u00f3rako<\/strong>r.<\/p>\n\n\n\n<p>A miserend \u00edgy alakul:<\/p>\n\n\n\n<p>Balatonfenyvesen a Szent Erzs\u00e9bet pl\u00e9b\u00e1niatemplomban <strong>8 \u00f3rakor<\/strong><\/p>\n\n\n\n<p>Balatonfenyves-als\u00f3n a Sz\u0171z M\u00e1ria Szent Sz\u00edve templomban <strong>9<sup>15<\/sup>kor<\/strong>, ut\u00e1na h\u00fasv\u00e9ti \u00e9telek meg\u00e1ld\u00e1sa<\/p>\n\n\n\n<p>Balatonkereszt\u00faron a Szent Kereszt Felmagasztal\u00e1sa pl\u00e9b\u00e1niatemplomban <strong>11 \u00f3rakor<\/strong><\/p>\n\n\n\n<p>Balatonm\u00e1riaf\u00fcrd\u0151n a Nagyboldogasszony templomban <strong>17 \u00f3rakor<\/strong><\/p>\n\n\n\n<p>kezd\u0151dnek a szentmis\u00e9k.<\/p>\n","protected":false},"excerpt":{"rendered":"<p>Egyh\u00e1zmegy\u00e9nkben jelenleg m\u00e9g szabad h\u00edvek jelenl\u00e9t\u00e9ben szentmis\u00e9t tartani ott, ahol a felt\u00e9telek biztos\u00edtva vannak. Ezek a felt\u00e9telek: t\u00e1vols\u00e1gtart\u00e1s, maszk, fert\u0151tlen\u00edt\u00e9s.<\/p>\n","protected":false},"author":1,"featured_media":0,"comment_status":"closed","ping_status":"closed","sticky":false,"template":"","format":"standard","meta":{"footnotes":""},"categories":[1],"tags":[],"class_list":["post-586","post","type-post","status-publish","format-standard","hentry","category-egyeb"],"_links":{"self":[{"href":"https:\/\/balatonkeresztur.plebania.hu\/index.php\/wp-json\/wp\/v2\/posts\/586","targetHints":{"allow":["GET"]}}],"collection":[{"href":"https:\/\/balatonkeresztur.plebania.hu\/index.php\/wp-json\/wp\/v2\/posts"}],"about":[{"href":"https:\/\/balatonkeresztur.plebania.hu\/index.php\/wp-json\/wp\/v2\/types\/post"}],"author":[{"embeddable":true,"href":"https:\/\/balatonkeresztur.plebania.hu\/index.php\/wp-json\/wp\/v2\/users\/1"}],"replies":[{"embeddable":true,"href":"https:\/\/balatonkeresztur.plebania.hu\/index.php\/wp-json\/wp\/v2\/comments?post=586"}],"version-history":[{"count":2,"href":"https:\/\/balatonkeresztur.plebania.hu\/index.php\/wp-json\/wp\/v2\/posts\/586\/revisions"}],"predecessor-version":[{"id":588,"href":"https:\/\/balatonkeresztur.plebania.hu\/index.php\/wp-json\/wp\/v2\/posts\/586\/revisions\/588"}],"wp:attachment":[{"href":"https:\/\/balatonkeresztur.plebania.hu\/index.php\/wp-json\/wp\/v2\/media?parent=586"}],"wp:term":[{"taxonomy":"category","embeddable":true,"href":"https:\/\/balatonkeresztur.plebania.hu\/index.php\/wp-json\/wp\/v2\/categories?post=586"},{"taxonomy":"post_tag","embeddable":true,"href":"https:\/\/balatonkeresztur.plebania.hu\/index.php\/wp-json\/wp\/v2\/tags?post=586"}],"curies":[{"name":"wp","href":"https:\/\/api.w.org\/{rel}","templated":true}]}}