{"id":569,"date":"2021-02-28T07:22:01","date_gmt":"2021-02-28T07:22:01","guid":{"rendered":"http:\/\/balatonkeresztur.plebania.hu\/?p=569"},"modified":"2021-02-28T07:22:01","modified_gmt":"2021-02-28T07:22:01","slug":"a-magyar-katolikus-puspoki-konferencia-korlevele-a-nagybojti-tartoselelmiszer-gyujtesrol","status":"publish","type":"post","link":"https:\/\/balatonkeresztur.plebania.hu\/index.php\/2021\/02\/28\/a-magyar-katolikus-puspoki-konferencia-korlevele-a-nagybojti-tartoselelmiszer-gyujtesrol\/","title":{"rendered":"A Magyar Katolikus P\u00fcsp\u00f6ki Konferencia k\u00f6rlevele a nagyb\u00f6jti tart\u00f3s\u00e9lelmiszer-gy\u0171jt\u00e9sr\u0151l"},"content":{"rendered":"\n<p>Kedves Testv\u00e9rek!<\/p>\n\n\n\n<p>A vil\u00e1gj\u00e1rv\u00e1ny sok mindent \u00e1t\u00edrt az \u00e9let\u00fcnkben. Az elm\u00falt esztend\u0151ben a nagyb\u00f6jti tart\u00f3s\u00e9lelmiszer-gy\u0171jt\u00e9st \u00e9ppen megkezdt\u00fck, de a v\u00edrus elleni v\u00e9dekez\u00e9s miatt a templomaink bez\u00e1rtak, \u00edgy csak r\u00e9szben tudtuk megval\u00f3s\u00edtani.<\/p>\n\n\n\n<!--more-->\n\n\n\n<p>A vil\u00e1gj\u00e1rv\u00e1ny vesz\u00e9lye, a terjed\u00e9s\u00e9r\u0151l sz\u00f3l\u00f3 h\u00edrad\u00e1sok \u00e9s az ismeretlent\u0151l val\u00f3 f\u00e9lelem sokakat megr\u00e9misztett \u00e9s a t\u00e1vols\u00e1gtart\u00f3 el\u0151\u00edr\u00e1sok egy esztend\u0151vel ezel\u0151tt az otthonainkba k\u00e9nyszer\u00edtettek benn\u00fcnket. Gazdas\u00e1gi neh\u00e9zs\u00e9geket is hozott mag\u00e1val a j\u00e1rv\u00e1nyvesz\u00e9ly, munkahelyek sz\u0171ntek meg \u00e9s sokakat a l\u00e9tbizonytalans\u00e1g r\u00e9mk\u00e9pe is fenyeget.<\/p>\n\n\n\n<p>Id\u00e9n \u00fajra meghirdetj\u00fck a nagyb\u00f6jti irgalmass\u00e1g gyakorl\u00e1s\u00e1nak az \u0151segyh\u00e1zi hagyom\u00e1ny\u00e1t, amikor arra biztatjuk a h\u00edveket, hogy hozz\u00e1k el a szentmis\u00e9kre tart\u00f3s\u00e9lelmiszer-felaj\u00e1nl\u00e1sukat a r\u00e1szorul\u00f3k sz\u00e1m\u00e1ra \u00e9s tegy\u00e9k a templomban az erre kijel\u00f6lt helyre.<\/p>\n\n\n\n<p>A vil\u00e1gj\u00e1rv\u00e1ny k\u00f6vetkezm\u00e9nyek\u00e9nt csal\u00e1dok ker\u00fcltek neh\u00e9z helyzetbe, akiknek a Katolikus Karit\u00e1sz, mint az Egyh\u00e1zunk hivatalos seg\u00e9lyszervezete \u2013 igyekezett seg\u00edt\u0151 kezet ny\u00fajtani. A karit\u00e1sz munkat\u00e1rsai, \u00f6nk\u00e9ntesei \u00e9s alkalmi seg\u00edt\u0151i is bekopogtak a csal\u00e1dok, az id\u0151sek ajtaj\u00e1n \u00e9s seg\u00edtettek abban \u00e9s \u00fagy, amire \u00e9ppen sz\u00fcks\u00e9g volt. Gondoskod\u00e1s indult el a b\u00e1trak lelk\u00e9b\u0151l, ami egy nagy szeretetteljes \u00f6sszefog\u00e1ss\u00e1 v\u00e1lt.<\/p>\n\n\n\n<p>Sajnos m\u00e9g nincs v\u00e9ge a j\u00e1rv\u00e1nyvesz\u00e9lynek, de a templomainkban megtal\u00e1lhatjuk a szem\u00e9lyes tal\u00e1lkoz\u00e1st az \u00darral, ami rem\u00e9nyt, er\u0151t \u00e9s b\u00e1tors\u00e1got ad nek\u00fcnk. Tan\u00fas\u00e1gt\u00e9tel\u00fcnkben most a hit-rem\u00e9ny-szeretet sorrendje megfordul: a szolg\u00e1l\u00f3 szeretettel er\u0151s\u00edtj\u00fck a Gondvisel\u00e9sben val\u00f3 rem\u00e9nyt, ami fel\u00e9leszti az emberekben az Istenben val\u00f3 hitet, aki szeret benn\u00fcnket \u00e9s megszabad\u00edt a vil\u00e1gj\u00e1rv\u00e1nyt\u00f3l.<\/p>\n\n\n\n<p>Ennek a szeretetnek a jele az a nagyb\u00f6jti alamizsna is, amit \u00f6sszegy\u0171jt\u00fcnk.&nbsp; A szok\u00e1sos m\u00f3don, az id\u00e9n jubil\u00e1l\u00f3 \u2013 alap\u00edt\u00e1s\u00e1nak 90. \u00e9s \u00fajj\u00e1szervez\u00e9s\u00e9nek 30. \u00e9vfordul\u00f3j\u00e1t \u00fcnnepl\u0151 \u2013 Katolikus Karit\u00e1sz munkat\u00e1rsai juttatj\u00e1k majd el a csal\u00e1dokhoz az adom\u00e1nyaikat. Tegy\u00fcnk tan\u00fas\u00e1got az irgalmas szeretet gyakorl\u00e1s\u00e1r\u00f3l az idei nagyb\u00f6jtben is, \u00e9s lehet\u0151s\u00e9geinkhez m\u00e9rten tart\u00f3s\u00e9lelmiszerrel j\u00e1ruljunk hozz\u00e1 a Katolikus Egyh\u00e1z seg\u00e9lyakci\u00f3j\u00e1hoz. Ezt megtehetik a j\u00f6v\u0151 heti vas\u00e1rnapi szentmis\u00e9ken \u00e9s az azt k\u00f6vet\u0151 h\u00e9tk\u00f6znapokon, m\u00e1rcius 7-t\u0151l 14-ig.<\/p>\n\n\n\n<p>A vil\u00e1gj\u00e1rv\u00e1ny olyan sz\u00e1munkra, mint a kereszt\u00fat, aminek minden \u00e1llom\u00e1sa neh\u00e9z mind testileg, mind lelkileg. J\u00e9zus kereszt\u00fatj\u00e1n is ott \u00e1lltak azok az emberek, akik seg\u00edtett\u00e9k, megosztott\u00e1k a testi-lelki terhet. Ma is m\u00e1r egy esztendeje ott \u00e1llnak seg\u00edt\u0151 emberek a v\u00edrusvesz\u00e9ly kereszt\u00fatja mellett: orvosok, \u00e1pol\u00f3k, ment\u0151s\u00f6k, eg\u00e9szs\u00e9g\u00fcgyi dolgoz\u00f3k, a karit\u00e1sz munkat\u00e1rsai \u00e9s m\u00e9g sok n\u00e9vtelen seg\u00edt\u0151, akik \u00fagy \u00e9rzik, hogy az a k\u00f6teless\u00e9g\u00fck, hogy most m\u00e1sok baj\u00e1n seg\u00edtsenek. Mi is csatlakozhatunk a seg\u00edt\u0151 adom\u00e1nyainkkal ezen h\u0151s\u00f6k csapat\u00e1hoz, lehet\u00fcnk Cirenei Simonok \u00e9s Veronik\u00e1k, akik a szeretet\u00fcnkkel er\u0151s\u00edthetj\u00fck embert\u00e1rsainkban a rem\u00e9nyt \u00e9s a hitet.<\/p>\n\n\n\n<p>Ferenc p\u00e1pa az idei nagyb\u00f6jti \u00fczenet\u00e9ben \u00edgy tan\u00edt benn\u00fcnket:<\/p>\n\n\n\n<p>\u201e<em>A b\u00f6jt, az ima \u00e9s az alamizsna<\/em> J\u00e9zus tan\u00edt\u00e1sa szerint (v\u00f6. Mt 6,1\u201318) megt\u00e9r\u00e9s\u00fcnk felt\u00e9telei \u00e9s kifejez\u0151eszk\u00f6zei. A szeg\u00e9nys\u00e9g \u00e9s az \u00f6nmegtagad\u00e1s \u00fatja <em>(a b\u00f6jt),<\/em> a megsebzett emberre val\u00f3 odafigyel\u00e9s \u00e9s a r\u00f3la val\u00f3 szeretetteljes gondoskod\u00e1s <em>(az alamizsna),<\/em> \u00e9s az Aty\u00e1val folytatott gyermeki p\u00e1rbesz\u00e9d <em>(az ima)<\/em> lehet\u0151v\u00e9 teszi az \u0151szinte hit, az \u00e9l\u0151 rem\u00e9ny \u00e9s a tev\u00e9keny szeretet megval\u00f3sul\u00e1s\u00e1t.<\/p>\n\n\n\n<p>\u2026. A <em>nagyb\u00f6jt rem\u00e9nnyel val\u00f3 meg\u00e9l\u00e9se<\/em> annak \u00e1t\u00e9rz\u00e9s\u00e9t jelenti, hogy J\u00e9zus Krisztusban tan\u00fai vagyunk az \u00faj korszaknak, amikor Isten \u201e\u00fajj\u00e1teremt mindent\u201d (v\u00f6. Jel 21,1\u20136). Azt jelenti, hogy megkapjuk Krisztus rem\u00e9ny\u00e9t, aki \u00e9let\u00e9t adja a kereszten, \u00e9s akit Isten harmadnapra felt\u00e1maszt, \u00e9s hogy \u201emindig k\u00e9szen \u00e1llunk arra, hogy b\u00e1rkinek megfelelj\u00fcnk, aki a [benn\u00fcnk \u00e9l\u0151] rem\u00e9ny indokl\u00e1s\u00e1t k\u00e9ri [t\u0151l\u00fcnk]\u201d (1P\u00e9t 3,15).<\/p>\n\n\n\n<p>\u2026<em> A szeretet nagyb\u00f6jtj\u00e9nek meg\u00e9l\u00e9se<\/em> azt jelenti, hogy gondj\u00e1t viselj\u00fck azoknak, akik a koronav\u00edrus-j\u00e1rv\u00e1ny miatt szenvednek, elhagyottnak \u00e9rzik magukat vagy agg\u00f3dnak. A j\u00f6v\u0151 miatti nagy bizonytalans\u00e1g idej\u00e9n, ha eml\u00e9kezet\u00fcnkbe id\u00e9zz\u00fck, amit az \u00dar az \u0151 Szolg\u00e1j\u00e1nak mondott: \u201eNe f\u00e9lj, mert megv\u00e1ltottalak\u201d (Iz 43,1), szeretet\u00fcnkkel bizalmat k\u00f6zvet\u00edt\u00fcnk \u00e9s meg\u00e9reztetj\u00fck vel\u00fck, hogy Isten gyermekeik\u00e9nt szereti \u0151ket.<\/p>\n\n\n\n<p>\u2026Csak a szeretet \u00e1ltal \u00e1tform\u00e1lt, a m\u00e1sik ember m\u00e9lt\u00f3s\u00e1g\u00e1t felismer\u0151 l\u00e1t\u00e1sm\u00f3ddal lehet a szeg\u00e9nyeket m\u00e9rhetetlen m\u00e9lt\u00f3s\u00e1gukban elismerni \u00e9s megbecs\u00fclni, saj\u00e1t \u00e9letst\u00edlusukban \u00e9s kult\u00far\u00e1jukban tiszteletben tartani, \u00e9s \u00edgy a t\u00e1rsadalomba val\u00f3ban integr\u00e1lni\u201d (FT<em>,<\/em> 187).\u201d<\/p>\n\n\n\n<p>Kedves Testv\u00e9rek!<\/p>\n\n\n\n<p>A Nemzetk\u00f6zi Eucharisztikus Kongresszus megval\u00f3sul\u00e1s\u00e1nak az \u00e9v\u00e9ben fontos tan\u00fas\u00e1gt\u00e9tel sz\u00e1munkra, hogy annak a J\u00e9zusnak a nev\u00e9ben tegy\u00fcnk j\u00f3t az emberekkel, aki a kenyeret megszapor\u00edtotta \u00e9s az \u00e9hez\u0151 embereket j\u00f3llakatta. A keny\u00e9r sz\u00edn\u00e9ben, az Olt\u00e1riszents\u00e9gben benn\u00fcnket is t\u00e1pl\u00e1l, ami arra k\u00e9sztessen mindny\u00e1junkat,&nbsp;hogy tegy\u00fcnk tan\u00fas\u00e1got az irgalmas szeretetr\u0151l adom\u00e1nyainkkal. H\u00fasv\u00e9t \u00fcnnep\u00e9re juttatjuk el az \u00e9lelmiszercsomagokat a csal\u00e1dokhoz, akik ezekben meg\u00e9rezhetik Isten gondvisel\u0151 szeretet\u00e9t. Ezzel is mutassuk meg a vil\u00e1gnak H\u00fasv\u00e9t \u00f6r\u00f6m\u00e9t<\/p>\n\n\n\n<p>A kor\u00e1bbi \u00e9vekben meghirdetett gy\u0171jt\u00e9s\u00fcnk eredm\u00e9nyek\u00e9ppen csal\u00e1dok ezreit tudtuk seg\u00edteni azokkal a seg\u00e9lycsomagokkal, amelyeket a h\u00edvek adom\u00e1nyaib\u00f3l juttattunk el a r\u00e1szorul\u00f3khoz. Ha ezt mindannyian megtessz\u00fck \u00e9s legal\u00e1bb 1 kg adom\u00e1nyt hozunk a templomba, \u00fajra nagyon sok csal\u00e1dnak tudunk seg\u00edteni az irgalmas J\u00e9zus p\u00e9ld\u00e1j\u00e1t k\u00f6vetve.<\/p>\n\n\n\n<p>Telefonos adom\u00e1nyvonalon is bekapcsol\u00f3dhatunk a karit\u00e1sz seg\u00edt\u0151 munk\u00e1j\u00e1ba.&nbsp;<strong>Ha h\u00edvjuk a 1356-os telefonsz\u00e1mot, h\u00edv\u00e1sonk\u00e9nt 500 forinttal seg\u00edt\u00fcnk.<\/strong><\/p>\n\n\n\n<p>\u201e1% seg\u00edts\u00e9g, 100 % szeretet.\u201d K\u00e9rj\u00fck, hogy aki teheti, ad\u00f3ja egy sz\u00e1zal\u00e9k\u00e1val is t\u00e1mogassa a Katolikus Karit\u00e1sz karitat\u00edv szolg\u00e1lat\u00e1t: a Karit\u00e1szt T\u00e1mogat\u00f3 Alap\u00edtv\u00e1nyt. K\u00f6sz\u00f6nj\u00fck a szeg\u00e9nyeknek sz\u00e1nt adom\u00e1nyaikat.<\/p>\n\n\n\n<p>A legkisebb adom\u00e1nnyal is a felebar\u00e1ti szeretet csod\u00e1ja val\u00f3sul meg k\u00f6z\u00f6tt\u00fcnk. A templomainkban \u00f6sszegy\u0171jt\u00f6tt \u00e9lelmiszerek nemcsak t\u00e1pl\u00e1l\u00e9kot jelentenek, hanem \u00fczenetet is visznek magukkal, a Gondvisel\u0151 Isten k\u00e9zzelfoghat\u00f3 szeretet\u00e9t a n\u00e9lk\u00fcl\u00f6z\u0151 csal\u00e1dokba.<\/p>\n\n\n\n<p><em>Kelt: Budapest, 2021. nagyb\u00f6jt 2. vas\u00e1rnapj\u00e1n<\/em><\/p>\n\n\n\n<p>A Magyar Katolikus P\u00fcsp\u00f6ki Konferencia<\/p>\n\n\n\n<p>Adom\u00e1nyok gy\u0171jt\u00e9se a Szent Istv\u00e1n H\u00e1zban 2021. m\u00e1rc. 7-\u00e9n \u00e9s 14-\u00e9n vas\u00e1rnap a szentmise el\u0151tt 10.30-10.50-ig.<\/p>\n\n\n\n<figure class=\"wp-block-image size-large\"><img loading=\"lazy\" decoding=\"async\" width=\"800\" height=\"800\" src=\"https:\/\/balatonkeresztur.plebania.hu\/wp-content\/uploads\/2021\/02\/c_nagybojti_2021_fb_1200px_01.jpg\" alt=\"\" class=\"wp-image-570\" srcset=\"https:\/\/balatonkeresztur.plebania.hu\/wp-content\/uploads\/2021\/02\/c_nagybojti_2021_fb_1200px_01.jpg 800w, https:\/\/balatonkeresztur.plebania.hu\/wp-content\/uploads\/2021\/02\/c_nagybojti_2021_fb_1200px_01-150x150.jpg 150w, https:\/\/balatonkeresztur.plebania.hu\/wp-content\/uploads\/2021\/02\/c_nagybojti_2021_fb_1200px_01-768x768.jpg 768w, https:\/\/balatonkeresztur.plebania.hu\/wp-content\/uploads\/2021\/02\/c_nagybojti_2021_fb_1200px_01-300x300.jpg 300w\" sizes=\"auto, (max-width: 800px) 100vw, 800px\" \/><\/figure>\n","protected":false},"excerpt":{"rendered":"<p>Kedves Testv\u00e9rek! A vil\u00e1gj\u00e1rv\u00e1ny sok mindent \u00e1t\u00edrt az \u00e9let\u00fcnkben. Az elm\u00falt esztend\u0151ben a nagyb\u00f6jti tart\u00f3s\u00e9lelmiszer-gy\u0171jt\u00e9st \u00e9ppen megkezdt\u00fck, de a v\u00edrus elleni v\u00e9dekez\u00e9s miatt a templomaink bez\u00e1rtak, \u00edgy csak r\u00e9szben tudtuk megval\u00f3s\u00edtani.<\/p>\n","protected":false},"author":1,"featured_media":0,"comment_status":"closed","ping_status":"open","sticky":false,"template":"","format":"standard","meta":{"footnotes":""},"categories":[1],"tags":[],"class_list":["post-569","post","type-post","status-publish","format-standard","hentry","category-egyeb"],"_links":{"self":[{"href":"https:\/\/balatonkeresztur.plebania.hu\/index.php\/wp-json\/wp\/v2\/posts\/569","targetHints":{"allow":["GET"]}}],"collection":[{"href":"https:\/\/balatonkeresztur.plebania.hu\/index.php\/wp-json\/wp\/v2\/posts"}],"about":[{"href":"https:\/\/balatonkeresztur.plebania.hu\/index.php\/wp-json\/wp\/v2\/types\/post"}],"author":[{"embeddable":true,"href":"https:\/\/balatonkeresztur.plebania.hu\/index.php\/wp-json\/wp\/v2\/users\/1"}],"replies":[{"embeddable":true,"href":"https:\/\/balatonkeresztur.plebania.hu\/index.php\/wp-json\/wp\/v2\/comments?post=569"}],"version-history":[{"count":1,"href":"https:\/\/balatonkeresztur.plebania.hu\/index.php\/wp-json\/wp\/v2\/posts\/569\/revisions"}],"predecessor-version":[{"id":571,"href":"https:\/\/balatonkeresztur.plebania.hu\/index.php\/wp-json\/wp\/v2\/posts\/569\/revisions\/571"}],"wp:attachment":[{"href":"https:\/\/balatonkeresztur.plebania.hu\/index.php\/wp-json\/wp\/v2\/media?parent=569"}],"wp:term":[{"taxonomy":"category","embeddable":true,"href":"https:\/\/balatonkeresztur.plebania.hu\/index.php\/wp-json\/wp\/v2\/categories?post=569"},{"taxonomy":"post_tag","embeddable":true,"href":"https:\/\/balatonkeresztur.plebania.hu\/index.php\/wp-json\/wp\/v2\/tags?post=569"}],"curies":[{"name":"wp","href":"https:\/\/api.w.org\/{rel}","templated":true}]}}