{"id":540,"date":"2021-02-06T17:36:19","date_gmt":"2021-02-06T17:36:19","guid":{"rendered":"http:\/\/balatonkeresztur.plebania.hu\/?p=540"},"modified":"2021-02-06T17:50:03","modified_gmt":"2021-02-06T17:50:03","slug":"brieber-laszlo","status":"publish","type":"post","link":"https:\/\/balatonkeresztur.plebania.hu\/index.php\/2021\/02\/06\/brieber-laszlo\/","title":{"rendered":"Brieber L\u00e1szl\u00f3 aty\u00e1ra eml\u00e9kezve"},"content":{"rendered":"\n<p>A Kaposv\u00e1ri P\u00fcsp\u00f6ks\u00e9g, az egyh\u00e1zmegye paps\u00e1ga f\u00e1jdalommal, de a felt\u00e1mad\u00e1s rem\u00e9ny\u00e9ben tudatja, hogy <\/p>\n\n\n\n<p class=\"has-text-align-center\">B R I E B E R L \u00c1 S Z L \u00d3 <\/p>\n\n\n\n<p>ny. balatonszentgy\u00f6rgyi pl\u00e9b\u00e1nos\u00e9let\u00e9nek 84., \u00e1ldoz\u00f3paps\u00e1g\u00e1nak 61. \u00e9v\u00e9ben, 2021. janu\u00e1r 31-\u00e9n a kaposv\u00e1ri k\u00f3rh\u00e1zban szents\u00e9gekkel meger\u0151s\u00edtve elhunyt. <\/p>\n\n\n\n<!--more-->\n\n\n\n<p>Szentmis\u00e9t mondunk \u00e9rte 2021. febru\u00e1r 10-\u00e9n 11 \u00f3rakor a tapolcai Nagyboldogasszony templomban, majd a helyi r\u00e9gi temet\u0151ben ravatalozzuk fel \u00e9s helyezz\u00fck \u00f6r\u00f6k nyugalomra.<\/p>\n\n\n\n<p><\/p>\n\n\n\n<iframe loading=\"lazy\" width=\"560\" height=\"315\" src=\"https:\/\/www.youtube.com\/embed\/a1w9vH-mOls\" frameborder=\"0\" allow=\"accelerometer; autoplay; clipboard-write; encrypted-media; gyroscope; picture-in-picture\" allowfullscreen><\/iframe>\n","protected":false},"excerpt":{"rendered":"<p>A Kaposv\u00e1ri P\u00fcsp\u00f6ks\u00e9g, az egyh\u00e1zmegye paps\u00e1ga f\u00e1jdalommal, de a felt\u00e1mad\u00e1s rem\u00e9ny\u00e9ben tudatja, hogy B R I E B E R L \u00c1 S Z L \u00d3 ny. balatonszentgy\u00f6rgyi pl\u00e9b\u00e1nos\u00e9let\u00e9nek 84., \u00e1ldoz\u00f3paps\u00e1g\u00e1nak 61. \u00e9v\u00e9ben, 2021. janu\u00e1r 31-\u00e9n a kaposv\u00e1ri k\u00f3rh\u00e1zban szents\u00e9gekkel &hellip; <a href=\"https:\/\/balatonkeresztur.plebania.hu\/index.php\/2021\/02\/06\/brieber-laszlo\/\">Egy kattint\u00e1s ide a folytat\u00e1shoz&#8230;. <span class=\"meta-nav\">&rarr;<\/span><\/a><\/p>\n","protected":false},"author":1,"featured_media":0,"comment_status":"closed","ping_status":"open","sticky":false,"template":"","format":"standard","meta":{"footnotes":""},"categories":[1],"tags":[],"class_list":["post-540","post","type-post","status-publish","format-standard","hentry","category-egyeb"],"_links":{"self":[{"href":"https:\/\/balatonkeresztur.plebania.hu\/index.php\/wp-json\/wp\/v2\/posts\/540","targetHints":{"allow":["GET"]}}],"collection":[{"href":"https:\/\/balatonkeresztur.plebania.hu\/index.php\/wp-json\/wp\/v2\/posts"}],"about":[{"href":"https:\/\/balatonkeresztur.plebania.hu\/index.php\/wp-json\/wp\/v2\/types\/post"}],"author":[{"embeddable":true,"href":"https:\/\/balatonkeresztur.plebania.hu\/index.php\/wp-json\/wp\/v2\/users\/1"}],"replies":[{"embeddable":true,"href":"https:\/\/balatonkeresztur.plebania.hu\/index.php\/wp-json\/wp\/v2\/comments?post=540"}],"version-history":[{"count":17,"href":"https:\/\/balatonkeresztur.plebania.hu\/index.php\/wp-json\/wp\/v2\/posts\/540\/revisions"}],"predecessor-version":[{"id":560,"href":"https:\/\/balatonkeresztur.plebania.hu\/index.php\/wp-json\/wp\/v2\/posts\/540\/revisions\/560"}],"wp:attachment":[{"href":"https:\/\/balatonkeresztur.plebania.hu\/index.php\/wp-json\/wp\/v2\/media?parent=540"}],"wp:term":[{"taxonomy":"category","embeddable":true,"href":"https:\/\/balatonkeresztur.plebania.hu\/index.php\/wp-json\/wp\/v2\/categories?post=540"},{"taxonomy":"post_tag","embeddable":true,"href":"https:\/\/balatonkeresztur.plebania.hu\/index.php\/wp-json\/wp\/v2\/tags?post=540"}],"curies":[{"name":"wp","href":"https:\/\/api.w.org\/{rel}","templated":true}]}}